{"provider_url": "https://www.bananal.sp.leg.br", "title": "Estrutura Organizacional", "html": "<div id=\"ag-1721389432146\"><img src=\"https://www.bananal.sp.leg.br/arquivos/organograma\" alt=\"Organograma.jpg\" class=\"image-inline\" title=\"Organograma.jpg\" /></div>\r\n<p style=\"text-align: justify; \"><strong>PRESIDENTE:\u00a0</strong>Luiz Cosme Martins de Souza</p>\r\n<p style=\"text-align: justify; \"><strong>SERVIDORES EFETIVOS</strong></p>\r\n<table class=\"plain\">\r\n<tbody>\r\n<tr><th style=\"text-align: center; \">NOME</th><th style=\"text-align: center; \">CARGO</th><th style=\"text-align: center; \">ADMISS\u00c3O</th></tr>\r\n<tr>\r\n<td style=\"text-align: center; \"><span>Brasilino de Andrade Junior</span></td>\r\n<td style=\"text-align: center; \"><span><a title=\"\" href=\"https://www.bananal.sp.leg.br/arquivos/atribuicoes-funcionarios/motorista.pdf\" class=\"internal-link\" target=\"_blank\">Motorista</a></span></td>\r\n<td style=\"text-align: center; \"><span>16/05/2006</span></td>\r\n</tr>\r\n<tr>\r\n<td style=\"text-align: center; \"><span>Cristiane dos Santos Soares</span></td>\r\n<td style=\"text-align: center; \"><span><a title=\"\" href=\"https://www.bananal.sp.leg.br/arquivos/atribuicoes-funcionarios/contador.pdf\" class=\"internal-link\" target=\"_blank\">Contador</a></span></td>\r\n<td style=\"text-align: center; \">01/08/2013<span></span></td>\r\n</tr>\r\n<tr>\r\n<td style=\"text-align: center; \"><span>Elton Pereira de Carvalho</span></td>\r\n<td style=\"text-align: center; \"><span><a title=\"\" href=\"https://www.bananal.sp.leg.br/arquivos/atribuicoes-funcionarios/diretor-legislativo.pdf\" class=\"internal-link\" target=\"_blank\">Diretor\u00a0Legislativo</a></span></td>\r\n<td style=\"text-align: center; \"><span>02/05/2013</span></td>\r\n</tr>\r\n<tr>\r\n<td style=\"text-align: center; \"><span>Fl\u00e1vio Corr\u00eaa Coutinho</span></td>\r\n<td style=\"text-align: center; \"><span><a title=\"\" href=\"https://www.bananal.sp.leg.br/arquivos/atribuicoes-funcionarios/consultor-juridico.pdf\" class=\"internal-link\" target=\"_blank\">Consultor Jur\u00eddico</a></span></td>\r\n<td style=\"text-align: center; \">03/11/2014<span></span></td>\r\n</tr>\r\n<tr>\r\n<td style=\"text-align: center; \"><span>Rafael Andrade Silva</span></td>\r\n<td style=\"text-align: center; \"><span><a title=\"\" href=\"https://www.bananal.sp.leg.br/arquivos/atribuicoes-funcionarios/assistente-legislativo.pdf\" class=\"internal-link\" target=\"_blank\">Assistente Legislativo</a></span></td>\r\n<td style=\"text-align: center; \"><span>16/05/2006</span></td>\r\n</tr>\r\n<tr>\r\n<td style=\"text-align: center; \"><span>\"vago\"</span></td>\r\n<td style=\"text-align: center; \"><a title=\"\" href=\"https://www.bananal.sp.leg.br/arquivos/atribuicoes-funcionarios/auxiliar-administrativo.pdf\" class=\"internal-link\" target=\"_blank\">Auxiliar Administrativo</a></td>\r\n<td style=\"text-align: center; \"><span>-</span></td>\r\n</tr>\r\n</tbody>\r\n</table>\r\n<p style=\"text-align: justify; \"><strong>SERVIDORES COMISSIONADOS</strong></p>\r\n<table class=\"plain\">\r\n<tbody>\r\n<tr><th style=\"text-align: center; \">NOME</th><th style=\"text-align: center; \">CARGO</th><th style=\"text-align: center; \">ADMISS\u00c3O</th></tr>\r\n<tr>\r\n<td style=\"text-align: center; \"><span>Flaviano Hoth de Barros</span></td>\r\n<td style=\"text-align: center; \"><span><a title=\"\" href=\"https://www.bananal.sp.leg.br/arquivos/atribuicoes-funcionarios/assessor-legislativo-da-presidencia.pdf\" class=\"internal-link\" target=\"_blank\">Assessor Legislativo da Presid\u00eancia</a></span></td>\r\n<td style=\"text-align: center; \"><span>01/01/2025</span></td>\r\n</tr>\r\n<tr>\r\n<td style=\"text-align: center; \"><span>Tadeu dos Santos Nogueira</span></td>\r\n<td style=\"text-align: center; \"><span><a title=\"\" href=\"https://www.bananal.sp.leg.br/arquivos/atribuicoes-funcionarios/assessor-de-gabinete-da-presidencia.pdf\" class=\"internal-link\" target=\"_blank\">Assessor de Gabinete da Presid\u00eancia</a></span></td>\r\n<td style=\"text-align: center; \"><span>01/01/2025</span></td>\r\n</tr>\r\n</tbody>\r\n</table>\r\n<p><strong>ESTAGI\u00c1RIOS</strong></p>\r\n<table class=\"plain\">\r\n<tbody>\r\n<tr><th style=\"text-align: center; \"><span>NOME</span></th><th style=\"text-align: center; \"><span>CARGO</span></th></tr>\r\n<tr>\r\n<td style=\"text-align: center; \"><span>Roberta Vit\u00f3ria dos Santos Oliveira</span></td>\r\n<td style=\"text-align: center; \"><span>Estagi\u00e1rio\u00a0</span><span>N\u00edvel</span><span>\u00a0Superior (</span><span>Contabilidade)</span></td>\r\n</tr>\r\n</tbody>\r\n</table>", "author_name": "Interlegis", "version": "1.0", "author_url": "https://www.bananal.sp.leg.br/author/Interlegis", "provider_name": "C\u00e2mara Municipal da Est\u00e2ncia Tur\u00edstica de Bananal", "type": "rich"}