{"provider_url": "https://www.bananal.sp.leg.br", "title": "Sess\u00e3o Extraordin\u00e1ria", "html": "", "author_name": "", "version": "1.0", "author_url": "https://www.bananal.sp.leg.br/author/adm", "provider_name": "C\u00e2mara Municipal da Est\u00e2ncia Tur\u00edstica de Bananal", "type": "rich"}