{"provider_url": "https://www.bananal.sp.leg.br", "title": "Sess\u00e3o Solene", "html": "<p style=\"text-align: justify; \">A C\u00e2mara Municipal da Est\u00e2ncia Tur\u00edstica de Bananal-SP, estar\u00e1 reunida solenemente no pr\u00f3ximo dia 09 de julho de 2023, \u00e0s 09:00 horas, no Centro Cultural Carlos Cheminand, sito \u00e0 Rua Manoel de Aguiar, n.\u00ba 38, ocasi\u00e3o em que ser\u00e3o agraciados com o \u201cT\u00edtulo de Cidad\u00e3o(\u00e3) Bananalense\u201d os(as) Exmos.(as) Srs.(as): Adahil Frizas; Ad\u00e9lia dos Reis de Oliveira; Alexsandra Tavares Rodrigues Nader; Andre Luis Gon\u00e7alves de Souza; \u00c1urea Am\u00e9lia de Matos Canela Bastos; Cesar Albino Fernandes de Oliveira; Fernanda Fabiana da Silva Fajardo Lopes; Dra. Ingrid Rodrigues de Ataide; Isabel Aparecida Miranda Affonso Sabino; Jaime Carvalho de Oliveira; Jos\u00e9 Aparecido Santiago; Dr. Leonardo Soares Lyra; Marco Antonio Scarasati Vinholi; Dr. Marcos Miceli de Freitas; Marcos Roberto Damasio da Silva; Maria das Dores Barbosa de Abreu; Dr. Pedro Rocha Rosati; Rita Pestana da Silva; Rosana Barbosa Ara\u00fajo Isoldi; S\u00e9rgio da Cunha Reis e William Landim da Silva, e com o \u201cDiploma da Ordem do M\u00e9rito Municipal\u201d os(as) Exmos.(as) Srs.(as): Ana Am\u00e9lia Tressoldi Casal; Anderson Jos\u00e9 Fagundes; Elis\u00e2ngela dos Santos Silva; Enil Benedita Rodrigues Alves e Pedro Enrico Nader Gon\u00e7alves Freitas, pelos not\u00e1veis servi\u00e7os prestados \u00e0 nossa comunidade.</p>", "author_name": "", "version": "1.0", "author_url": "https://www.bananal.sp.leg.br/author/adm", "provider_name": "C\u00e2mara Municipal da Est\u00e2ncia Tur\u00edstica de Bananal", "type": "rich"}