{"provider_url": "https://www.bananal.sp.leg.br", "title": "Hist\u00f3ria", "html": "<p class=\" \" style=\"text-align: center; \"><i><span class=\"fbPhotosPhotoCaption\" id=\"fbPhotoSnowliftCaption\"><img src=\"https://www.bananal.sp.leg.br/imagens/predio-antigo.jpg\" alt=\"Predio antigo.jpg\" class=\"image-inline\" title=\"Predio antigo.jpg\" /><br />Constru\u00e7\u00e3o colonial que precedeu o atual edif\u00edcio do F\u00f3rum de Bananal.\u00a0Foto de um cart\u00e3o postal do in\u00edcio do s\u00e9culo XX.</span></i></p>\r\n<p style=\"text-align: center; \"><strong><span>A C\u00e2mara Municipal de Bananal foi institu\u00edda em 17 de mar\u00e7o de 1833 com a efetiva emancipa\u00e7\u00e3o pol\u00edtica da localidade.\u00a0</span></strong><strong>No ano anterior, a 10 de julho de 1832,\u00a0o Governo Regente, em nome do Imperador Dom Pedro II, atrav\u00e9s de Decreto elevou Bananal \u00e0 condi\u00e7\u00e3o de Vila.\u00a0O Ato de Instala\u00e7\u00e3o da nova Vila se deu formalmente com a\u00a0nomea\u00e7\u00e3o do Juiz de Paz\u00a0e a composi\u00e7\u00e3o da C\u00e2mara Municipal.</strong></p>\r\n<p style=\"text-align: center; \"><strong>1833 \u2013\u00a0<b>Primeira composi\u00e7\u00e3o da C\u00e2mara Municipal de Bananal \u2013 6 vereadores</b><strong><br /></strong></strong><span>Joaquim Silv\u00e9rio de Castro Souza Medronho - Presidente</span></p>\r\n<p style=\"text-align: center; \">Jo\u00e3o Gon\u00e7alves Lopes<br />Manuel Lescura Fraga<br />Ign\u00e1cio Gabriel Monteiro de Barros <br />Jos\u00e9 Joaquim de Azevedo<br />Francisco de Aguiar Valim</p>\r\n<p style=\"text-align: center; \"><strong>1837 \u2013 Segunda composi\u00e7\u00e3o da C\u00e2mara Municipal de Bananal</strong><br />Manoel Ven\u00e2ncio Campos da Paz - Presidente</p>\r\n<p style=\"text-align: center; \">Manoel Francisco de Carvalho<br />Ant\u00f4nio Jos\u00e9 Nogueira<br />Joaquim Manoel de Freitas<br />Ant\u00f4nio Barbosa da Silva Filho<br />Francisco Ant\u00f4nio de Moura</p>\r\n<p style=\"text-align: center; \"><strong>1872</strong><br />Braz Barbosa da Silva - Presidente</p>\r\n<p style=\"text-align: center; \">Marcos de Oliveira Arruda<br />Ant\u00f4nio Caetano de Oliveira Carvalho<br />Jo\u00e3o Dias de Freitas<br />Jo\u00e3o Gon\u00e7alves Pereira de Sousa</p>\r\n<p style=\"text-align: center; \"><strong>1877/1880</strong><br />Coronel\u00a0Jos\u00e9 de Magalh\u00e3es Couto<br />Tenente Coronel\u00a0Apollin\u00e1rio Pereira Ribeiro<br />Dr.\u00a0Ant\u00f4nio Pinto Coelho de Barros<br />Major Henrique Jos\u00e9 da Silva <br />Luciano Jos\u00e9 de Almeida Vallim <br />Joaquim Gabriel Guimar\u00e3es<br />Capit\u00e3o\u00a0Jos\u00e9 Joaquim dos Santos<br />C\u00e2ndido Ribeiro Barbosa<br />Alferes\u00a0Jos\u00e9 Pereira Leite de Souza</p>\r\n<p style=\"text-align: center; \"><strong>1886</strong><br />Jos\u00e9 Joaquim de Azevedo Brand\u00e3o - Presidente</p>\r\n<p style=\"text-align: center; \">Cunha de Vasconcelos<br />Jos\u00e9 Pereira Leite de Souza<br />Jos\u00e9 Camilo de Meireles<br />Jo\u00e3o Tom\u00e9 da Silva Valente<br />Visconde de S\u00e3o Laurindo<br />Jo\u00e3o Pinto Peixoto<br />Mariano Jos\u00e9 Ign\u00e1cio Brand\u00e3o<br />Hypolitho da Rocha Trigueirinho</p>\r\n<p style=\"text-align: center; \"><strong>1890 - Decreto do Governador do Estado dissolve a C\u00e2mara e a substitui por um CONSELHO DE INTENDENTES, composto dos cidad\u00e3os Vereadores:</strong> <br />Dr. Manoel Antonio Gon\u00e7alves Bastos - Presidente</p>\r\n<p style=\"text-align: center; \">Bar\u00e3o de Almeida Vallim<br />Manoel Pereira Gon\u00e7alves<br />Capit\u00e3o Valeriano Jos\u00e9 da Costa<br />Affonso Gomes Nogueira Cobra<br />Capit\u00e3o Antonio Joaquim Gon\u00e7alves Gra\u00e7a<br />Jo\u00e3o Alves de Oliveira</p>\r\n<p style=\"text-align: center; \"><strong>1948</strong><br />\u00c1lvaro Brasil Filho<br />Antonio Gavi\u00e3o<br />Antonio Luiz do Nascimento <br />Antonio de Paiva Duque<br />Aquino Carvalho dos Santos<br />Augusto Sales Pimentel<br />Chrispim Aguiar<br />F\u00e9lix Paula<br />Francisco Paulo de Ara\u00fajo Vianna<br />Jos\u00e9 Ara\u00fajo Silva<br />Jos\u00e9 Porf\u00edrio de Souza<br />Manoel Valentim Bastos<br />Oleg\u00e1rio Ramos</p>\r\n<p style=\"text-align: center; \"><strong>1960/1964</strong><br />Oleg\u00e1rio Ramos - Presidente<br />Jos\u00e9 Primo Carraro - Presidente</p>\r\n<p style=\"text-align: center; \">Rui Barbosa D\u2019Avila<br />Jos\u00e9 Porf\u00edrio de Souza<br />An\u00edbal Guimar\u00e3es <br />Luiz de Oliveira <br />Geraldo de Oliveira Ramos<br />\u00c1lvaro Brasil Filho<br />Geraldo Ver\u00edssimo da Silveira<br />Sebasti\u00e3o Diniz de Morais<br />Jos\u00e9 Almeida Pires Filho<br />Antonio Ramos<br />Jos\u00e9 Rodrigues Leite</p>\r\n<p style=\"text-align: center; \"><strong>1964/1968</strong><br />Jos\u00e9 Primo Carraro - Presidente<br />Maria Aparecida Gra\u00e7a - Presidente</p>\r\n<p style=\"text-align: center; \">Cleophano de Oliveira Ramos<br />Jos\u00e9 Antonio Sabadine Filho<br />An\u00edbal Guimar\u00e3es <br />Jorge Diniz de Moraes<br />Washington Luiz de Carvalho Bruno<br />Adelino Vani<br />Geraldo Ver\u00edssimo da Silveira<br />Jair Pinto Costa<br />Geraldo Nogueira dos Santos<br />Moises Gomes de Oliveira<br />Camilo Elias Kuaik</p>\r\n<p style=\"text-align: center; \"><strong>1969/1972</strong><br />Geraldo de Oliveira Ramos - Presidente<br />Ismar Gavi\u00e3o - Presidente</p>\r\n<p style=\"text-align: center; \">Maria Cec\u00edlia Guimar\u00e3es <br />Jos\u00e9 Mendes Leal <br />Jos\u00e9 Bastos Cabral<br />Atir Marcondes Monteiro<br />Jos\u00e9 Geraldo Ramos Nogueira<br />Dirceu Pacielo Cardoso<br />Jos\u00e9 Gon\u00e7alves Filho</p>\r\n<p style=\"text-align: center; \"><strong>1973/1976</strong><br />Luiz de Oliveira - Presidente<br />Paulo Diniz de Moraes - Presidente<br />An\u00edbal Guimar\u00e3es - Presidente</p>\r\n<p style=\"text-align: center; \">Geraldo de Oliveira Ramos<br />Jos\u00e9 Gon\u00e7alves Filho <br />Paulo de Oliveira Catapreta<br />Jos\u00e9 Bastos Cabral<br />Moises Gomes de Oliveira<br />Antonio Andrade Faria</p>\r\n<p style=\"text-align: center; \"><strong>1977/1982</strong><br />An\u00edbal Guimar\u00e3es - Presidente<br />Geraldo de Oliveira Ramos - Presidente</p>\r\n<p style=\"text-align: center; \">Jos\u00e9 Gon\u00e7alves Filho <br />Nelson Rodrigues de Oliveira <br />Jos\u00e9 Jacinto Justolim <br />Antonio Pereira de Souza <br />Joso\u00e9 de Santa Rosa<br />Edinaldo Elias Mendes Leal<br />Atir Marcondes Monteiro</p>\r\n<p style=\"text-align: center; \"><strong>1983/1988</strong><br />St\u00e9lio Mendes - Presidente<br />Joso\u00e9 de Santa Rosa - Presidente<br />C\u00e2ndido Jos\u00e9 de Almeida - Presidente</p>\r\n<p style=\"text-align: center; \">Jos\u00e9 Gon\u00e7alves Filho<br />Jos\u00e9 Diniz <br />Pelegrino Jos\u00e9 Sciotta <br />Ricardo Guimar\u00e3es Fonseca<br />Maria de Lourdes Machado Velho <br />Theomar Cunha Carraro<br />Ata\u00edde Candido da Silva<br />An\u00edbal Guimar\u00e3es</p>\r\n<p style=\"text-align: center; \"><strong>1989/1992</strong><br />Geraldo de Oliveira Ramos - Presidente<br />Jos\u00e9 Gon\u00e7alves Filho- Presidente</p>\r\n<p style=\"text-align: center; \">Ernani Gra\u00e7a Neto<br />Ademir Martins de Oliveira<br />Ivani Barbosa<br />Antonio Nunes da Silva <br />Angelo Geraldo da Concei\u00e7\u00e3o <br />Ata\u00edde Candido da Silva<br />St\u00e9lio Mendes<br />Oscar Ramos<br />Jos\u00e9 Benedito de Aguiar Valim<br />Miguel Osrraia Nader<br />An\u00edbal Guimar\u00e3es</p>\r\n<p style=\"text-align: center; \"><strong>1993/1996</strong><br />Ernani Gra\u00e7a Neto - Presidente<br />Marcos Henrique Novais - Presidente</p>\r\n<p style=\"text-align: center; \">An\u00edbal Guimar\u00e3es (FALECEU) assumiu: Inaldo F\u00e9lix de Lima (03/08/1995)<br />Ata\u00edde Candido da Silva <br />Ant\u00f4nia Valiante Monteiro<br />Carlindo Nogueira Rodrigues <br />Jorge da Silva Rodrigues Filho<br />Jos\u00e9 Geraldo Tressoldi Nogueira<br />Jos\u00e9 Gon\u00e7alves Filho<br />Luis Olavo Carraro Polonio <br />Wilton N\u00e9ri Pereira<br />Luiz de Oliveira (FALECEU) assumiu: Jorge Diniz de Moraes (19/08/1993)<br />Jos\u00e9 Maria Moreira (LICEN\u00c7A-INDETERMINADA) assumiu: \u00c1lvaro Luiz Nogueira Ramos (19/08/1993)</p>\r\n<p style=\"text-align: center; \"><strong>1997/2000</strong><br />Jorge da Silva Rodrigues Filho - Presidente<br />Mirian Ferreira de Oliveira Bruno - Presidente</p>\r\n<p style=\"text-align: center; \">Beatriz Gra\u00e7a Valiante<br />Carlos Henrique Canela<br />Edson Macedo de Gouv\u00eaa <br />Marcos Henrique Novais <br />Osvaldo Ferreira<br />P\u00e9ricles Guimar\u00e3es <br />St\u00e9lio Mendes (LICEN\u00c7A: 16/10 \u00c0 31/12/2000) assumiu: Jos\u00e9 Geraldo Tressoldi Nogueira ( 19/10/2000)</p>\r\n<p style=\"text-align: center; \"><strong>2001/2004</strong><br />Osvaldo Ferreira - Presidente<br />St\u00e9lio Mendes - Presidente</p>\r\n<p style=\"text-align: center; \">Jos\u00e9 Geraldo Tressoldi Nogueira<br />\u00c1lvaro Luiz Nogueira Ramos<br />Washington Luiz de Carvalho Bruno<br />Hercilia de Jesus Ramos de Andrade<br />Patrick Izoldi de Carvalho<br />Paulo Roberto Gon\u00e7alves Neves<br />Robson do Amaral Rodrigues</p>\r\n<p style=\"text-align: center; \"><strong>2005/2008</strong><br />Robson do Amaral Rodrigues - Presidente (01/2005 \u00e0 10/2005)<br />L\u00facia Helena Nader Gon\u00e7alves - Presidente (10/2005 \u00e0 12/2006)<br />Ant\u00f4nio Carlos Ramos da Silva - Presidente</p>\r\n<p style=\"text-align: center; \">Milko Alex Nogueira de Oliveira <br />Osvaldo Ferreira<br />Herc\u00edlia de Jesus Ramos de Andrade <br />Patrick Izoldi de Carvalho<br />Luis Antonio Moura de Souza<br />Jos\u00e9 Vicente Carneiro</p>\r\n<p style=\"text-align: center; \"><strong>2009/2012</strong><br />Herc\u00edlia de Jesus Ramos de Andrade - Presidente<br />Ant\u00f4nio Carlos Ramos da Silva - Presidente</p>\r\n<p style=\"text-align: center; \">\u00c1lvaro Luiz Nogueira Ramos<br />L\u00facia Helena Nader Gon\u00e7alves<br />Carlos Eduardo de Oliveira Cruz <br />Robson do Amaral Rodrigues<br />Eliane Nogueira do Prado <br />\u00c9rika Tereza Coitinho Affonso<br />Vilmar da Silva</p>\r\n<p style=\"text-align: center; \"><strong>2013/2016</strong><br />Jose Eduardo Costa Gomes de Oliveira - Presidente<br />Robson do Amaral Rodrigues - Presidente (01/2015 \u00e0 11/2015)<br />Luiz Mauricio Coutinho - Presidente (12/2015 \u00e0 12/2016)</p>\r\n<p style=\"text-align: center; \">\u00c1lvaro Luiz Nogueira Ramos<br />\u00c9rika Tereza C. Affonso<br />L\u00facia Helena Nader Gon\u00e7alves <br />Luiz Cosme Martins de Souza<br />Maria Aparecida Souza da Costa<br />Osvaldo Ferreira<br />Robson do Amaral Rodrigues (01/2013 \u00e0 11/2015) assumiu: Herc\u00edlia de Jesus Ramos de Andrade (12/2015)</p>\r\n<p style=\"text-align: center; \"><strong>2017/2020</strong><br />Eduardo Mattos de Paula - Presidente<br />Ednaldo Valim Cabral - Presidente</p>\r\n<p style=\"text-align: center; \">Daniel Rubens Almeida Viana Tressoldi<br />Jose Luiz do Amaral<br />Karyna Claudia Barros Rodrigues<br />L\u00facia Helena Nader Gon\u00e7alves (FALECEU em 10/06/2017) assumiu: Herc\u00edlia de Jesus Ramos de Andrade (20/07/2017)<br />Luiz Cosme Martins de Souza<br />Osvaldo Ferreira<br />Theo Valiante Monteiro</p>\r\n<p style=\"text-align: center; \"><strong>2021/2024</strong><br />Luiz Cosme Martins de Souza - Presidente<br /><span>Osvaldo Ferreira - Presidente</span></p>\r\n<p style=\"text-align: center; \">Angela Cristina Fontes Silva<br />Ednaldo Valim Cabral<br />Erika Tereza Coitinho Affonso<br />Jose Ricardo Rodrigues Leite Junior<br />Karyna Claudia Barros Rodrigues<br />Matilde Nassif Koury<br />Victor Zoccola Amorim</p>\r\n<p style=\"text-align: center; \"><strong>2025/2028</strong><br />Luiz Cosme Martins de Souza - Presidente</p>\r\n<p style=\"text-align: center; \">\u00c1urea Am\u00e9lia de Matos Canela Bastos<br />Angela Cristina Fontes Silva<br />Ednaldo Valim Cabral<br />Elisangela dos Santos Silva<br />Eres Helena da Rocha<br />Isabella Bastos Nogueira<br />Karyna Claudia Barros Rodrigues<br />Pedro Luiz Santos da Fonseca</p>", "author_name": "Interlegis", "version": "1.0", "author_url": "https://www.bananal.sp.leg.br/author/Interlegis", "provider_name": "C\u00e2mara Municipal da Est\u00e2ncia Tur\u00edstica de Bananal", "type": "rich"}