{"provider_url": "https://www.bananal.sp.leg.br", "title": "Projetos em Tramita\u00e7\u00e3o", "html": "<div id=\"ag-1731589193947\"></div>\r\n<table class=\"plain\">\r\n<tbody>\r\n<tr><th style=\"text-align: center; \">PROJETOS</th><th style=\"text-align: center; \">EMENTA</th><th style=\"text-align: center; \">AUTORIA</th><th style=\"text-align: center; \">DATA DE PROTOCOLO</th></tr>\r\n<tr>\r\n<td style=\"text-align: center; \"><span><a title=\"\" href=\"https://www.bananal.sp.leg.br/arquivos/projetos/2025/pl-036-2025.pdf\" class=\"internal-link\" target=\"_blank\"><span>P</span>rojeto de Lei 036/2025</a></span></td>\r\n<td style=\"text-align: justify; \">Disp\u00f5e sobre a pol\u00edtica municipal de controle de natalidade de c\u00e3es e gatos, e d\u00e1 outras provid\u00eancias.</td>\r\n<td style=\"text-align: center; \"><span><span><span><span>Ver. Luiz Cosme Martins de Souza</span></span></span></span></td>\r\n<td style=\"text-align: center; \"><span><span>11/09/2025</span></span></td>\r\n</tr>\r\n<tr>\r\n<td style=\"text-align: center; \"><span><span><a title=\"\" href=\"https://www.bananal.sp.leg.br/arquivos/projetos/2025/pl-037-2025.pdf\" class=\"internal-link\" target=\"_blank\"><span>P</span><span>rojeto de Lei 037/2025</span></a></span></span></td>\r\n<td style=\"text-align: justify; \">Institui diretrizes para a prote\u00e7\u00e3o, defesa, bem-estar e controle populacional dos animais no Munic\u00edpio de Bananal/SP, cria o Programa Municipal de Prote\u00e7\u00e3o Animal, e d\u00e1 outras provid\u00eancias.</td>\r\n<td style=\"text-align: center; \"><span><span><span><span>Ver. Isabella Bastos Nogueira</span></span></span></span></td>\r\n<td style=\"text-align: center; \"><span><span><span>12/09/2025</span></span></span></td>\r\n</tr>\r\n<tr>\r\n<td style=\"text-align: center; \"><span><span><a title=\"\" href=\"https://www.bananal.sp.leg.br/arquivos/projetos/2025/plc-001-2025.pdf\" class=\"internal-link\" target=\"_blank\"><span>P</span>rojeto de Lei Complementar 001/2025</a></span></span></td>\r\n<td style=\"text-align: justify; \">Autoriza a concess\u00e3o de direito de uso, a t\u00edtulo oneroso, mediante licita\u00e7\u00e3o, para explora\u00e7\u00e3o de quiosques comerciais, nos locais que especifica, e d\u00e1 outras provid\u00eancias.</td>\r\n<td style=\"text-align: center; \"><span><span><span><span><span>Prefeito Municipal</span></span></span></span></span></td>\r\n<td style=\"text-align: center; \"><span><span><span><span>01/10/2025</span></span></span></span></td>\r\n</tr>\r\n<tr>\r\n<td style=\"text-align: center; \"><span><span><span><span><span><a title=\"\" href=\"https://www.bananal.sp.leg.br/arquivos/projetos/2025/pl-032-2025.pdf\" class=\"internal-link\" target=\"_blank\">Projeto de Lei 032/2025</a></span></span></span></span></span></td>\r\n<td style=\"text-align: justify; \">Institui o sistema de estacionamento rotativo remunerado - zona azul - nas vias e logradouros p\u00fablicos, e d\u00e1 outras provid\u00eancias.</td>\r\n<td style=\"text-align: center; \"><span><span><span><span>Prefeito Municipal</span></span></span></span></td>\r\n<td style=\"text-align: center; \"><span><span><span>14/10/2025</span></span></span></td>\r\n</tr>\r\n<tr>\r\n<td style=\"text-align: center; \"><span><span><span><span><span><a title=\"\" href=\"https://www.bananal.sp.leg.br/arquivos/projetos/2025/pl-033-2025.pdf\" class=\"internal-link\" target=\"_blank\"><span>P</span><span>rojeto de Lei 033/2025</span></a></span></span></span></span></span></td>\r\n<td style=\"text-align: justify; \">Institui a Pol\u00edtica Municipal de Prote\u00e7\u00e3o, Bem-Estar e Defesa dos Animais no Munic\u00edpio de Bananal, ampliando as medidas de preven\u00e7\u00e3o e combate aos maus-tratos, e d\u00e1 outras provid\u00eancias.</td>\r\n<td style=\"text-align: center; \"><span><span><span><span>Prefeito Municipal</span></span></span></span></td>\r\n<td style=\"text-align: center; \"><span><span><span>14/10/2025</span></span></span></td>\r\n</tr>\r\n<tr>\r\n<td style=\"text-align: center; \"><span><span><span><span><span><span><span><span><a title=\"\" href=\"https://www.bananal.sp.leg.br/arquivos/projetos/2026/pls-01-2026-pls-33-36-37.pdf\" class=\"internal-link\" target=\"_blank\"><span>P</span><span>rojeto de Lei Substitutivo 01/2026</span></a></span></span></span></span></span></span></span></span></td>\r\n<td style=\"text-align: justify; \">Institui a Pol\u00edtica Municipal de Prote\u00e7\u00e3o, Bem-Estar e Defesa dos Animais no Munic\u00edpio de Bananal, ampliando as medidas de preven\u00e7\u00e3o e combate aos maus-tratos, e d\u00e1 outras provid\u00eancias.</td>\r\n<td style=\"text-align: center; \"><span><span><span><span><span><span><span><span><a title=\"\" href=\"https://www.bananal.sp.leg.br/processo-legislativo/comissoes/comissoes-permanentes/i-comissao-permanente-de-constituicao-justica-e-redacao\" class=\"external-link\" target=\"_blank\">CPCJR</a></span></span></span></span></span></span></span></span></td>\r\n<td style=\"text-align: center; \"><span><span><span><span><span><span>19/02/2026</span></span></span></span></span></span></td>\r\n</tr>\r\n<tr>\r\n<td style=\"text-align: center; \"><span><span><span><span><span><span><span><span><span><a title=\"\" href=\"https://www.bananal.sp.leg.br/arquivos/projetos/2026/pl-014-2026.pdf\" class=\"internal-link\" target=\"_blank\">Projeto de Lei 014/2026</a></span></span></span></span></span></span></span></span></span></td>\r\n<td style=\"text-align: justify; \">D\u00e1 a denomina\u00e7\u00e3o de SERVID\u00c3O JOS\u00c9 SEBASTI\u00c3O LEANDRO a servid\u00e3o localizada na localidade Timbor\u00ea, do n\u00ba 162 da Rua Boa Esperan\u00e7a at\u00e9 o n\u00ba 1.198.</td>\r\n<td style=\"text-align: center; \"><span><span><span><span><span><span><span><span><span>Ver. Luiz Cosme Martins de Souza</span></span></span></span></span></span></span></span></span></td>\r\n<td style=\"text-align: center; \"><span><span><span><span><span><span>13/03/2026</span></span></span></span></span></span></td>\r\n</tr>\r\n<tr>\r\n<td style=\"text-align: center; \"><span><span><span><span><span><span><span><span><span><a title=\"\" href=\"https://www.bananal.sp.leg.br/arquivos/projetos/2026/pl-015-2026.pdf\" class=\"internal-link\" target=\"_blank\"><span>P</span><span>rojeto de Lei 015/2026</span></a></span></span></span></span></span></span></span></span></span></td>\r\n<td style=\"text-align: justify; \">D\u00e1 a denomina\u00e7\u00e3o de ESTRAT\u00c9GIA SA\u00daDE DA FAM\u00cdLIA LAERTE GON\u00c7ALVES DA SILVA a Unidade de Sa\u00fade localizada no bairro Vila Bom Jardim.</td>\r\n<td style=\"text-align: center; \"><span><span><span><span><span><span><span><span><span>Ver. Luiz Cosme Martins de Souza</span></span></span></span></span></span></span></span></span></td>\r\n<td style=\"text-align: center; \"><span><span><span><span><span><span><span>13/03/2026</span></span></span></span></span></span></span></td>\r\n</tr>\r\n<tr>\r\n<td style=\"text-align: center; \"><span><span><span><span><span><span><span><span><span><a title=\"\" href=\"https://www.bananal.sp.leg.br/arquivos/projetos/2026/pl-021-2026-ldo.pdf\" class=\"internal-link\" target=\"_blank\"><span>P</span>rojeto de Lei 021/2026</a></span></span></span></span></span></span></span></span></span></td>\r\n<td style=\"text-align: justify; \">DISP\u00d5E SOBRE AS DIRETRIZES OR\u00c7AMENT\u00c1RIAS DO MUNIC\u00cdPIO DE BANANAL PARA O EXERC\u00cdCIO FINANCEIRO DE 2027.</td>\r\n<td style=\"text-align: center; \"><span><span><span><span><span><span><span><span><span><span>Prefeito Municipal</span></span></span></span></span></span></span></span></span></span></td>\r\n<td style=\"text-align: center; \"><span><span><span><span><span><span><span>23/04/2026</span></span></span></span></span></span></span></td>\r\n</tr>\r\n</tbody>\r\n</table>", "author_name": "", "version": "1.0", "author_url": "https://www.bananal.sp.leg.br/author/adm", "provider_name": "C\u00e2mara Municipal da Est\u00e2ncia Tur\u00edstica de Bananal", "type": "rich"}