{"provider_url": "https://www.bananal.sp.leg.br", "title": "Portarias 2017 - 2020", "html": "<table class=\"plain\">\r\n<tbody>\r\n<tr><th style=\"text-align: center; \">PORTARIAS</th><th style=\"text-align: center; \">EMENTAS</th><th style=\"text-align: center; \"><span>DATA DA PUBLICA\u00c7\u00c3O</span></th></tr>\r\n<tr>\r\n<td style=\"text-align: center; \"><a title=\"\" href=\"https://www.bananal.sp.leg.br/arquivos/portarias/2017/p-001-2017.pdf\" class=\"internal-link\" target=\"_blank\">Portaria 001/2017</a></td>\r\n<td style=\"text-align: justify; \"><span>Disp\u00f5e sobre o hor\u00e1rio de funcionamento da C\u00e2mara Municipal de Bananal no m\u00eas de Janeiro, e d\u00e1 outras provid\u00eancias.</span></td>\r\n<td style=\"text-align: center; \"><span>02/01/2017</span></td>\r\n</tr>\r\n<tr>\r\n<td style=\"text-align: center; \"><span><a title=\"\" href=\"https://www.bananal.sp.leg.br/arquivos/portarias/2017/p-002-2017.pdf\" class=\"internal-link\" target=\"_blank\">Portaria 002/2017</a></span></td>\r\n<td style=\"text-align: justify; \"><span>Disp\u00f5e sobre nomea\u00e7\u00e3o de servidor para movimentar conta corrente, e d\u00e1 outras provid\u00eancias.</span><span></span></td>\r\n<td style=\"text-align: center; \"><span>02/01/2017</span></td>\r\n</tr>\r\n<tr>\r\n<td style=\"text-align: center; \"><span><a title=\"\" href=\"https://www.bananal.sp.leg.br/arquivos/portarias/2017/p-003-2017.pdf\" class=\"internal-link\" target=\"_blank\">Portaria 003/2017</a></span></td>\r\n<td style=\"text-align: justify; \"><span>Disp\u00f5e sobre nomea\u00e7\u00e3o de servidora para movimentar conta corrente, e d\u00e1 outras provid\u00eancias.</span><span></span></td>\r\n<td style=\"text-align: center; \"><span>02/01/2017</span></td>\r\n</tr>\r\n<tr>\r\n<td style=\"text-align: center; \"><span><a title=\"\" href=\"https://www.bananal.sp.leg.br/arquivos/portarias/2017/p-004-2017.pdf\" class=\"internal-link\" target=\"_blank\">Portaria 004/2017</a></span></td>\r\n<td style=\"text-align: justify; \"><span>Disp\u00f5e sobre a designa\u00e7\u00e3o dos membros da Comiss\u00e3o Permanente de Controle Interno da C\u00e2mara Municipal de Bananal, criada pela Lei n\u00ba 109, de 27 de fevereiro de 2014, e d\u00e1 outras provid\u00eancias.</span><span></span></td>\r\n<td style=\"text-align: center; \"><span>02/01/2017</span></td>\r\n</tr>\r\n<tr>\r\n<td style=\"text-align: center; \"><span><a title=\"\" href=\"https://www.bananal.sp.leg.br/arquivos/portarias/2017/p-005-2017.pdf\" class=\"internal-link\" target=\"_blank\">Portaria 005/2017</a></span></td>\r\n<td style=\"text-align: justify; \"><span>Disp\u00f5e sobre a nomea\u00e7\u00e3o de servidor para o cargo em comiss\u00e3o de Assessor Jur\u00eddico da Presid\u00eancia, e d\u00e1 outras provid\u00eancias.</span><span></span></td>\r\n<td style=\"text-align: center; \"><span>02/01/2017</span></td>\r\n</tr>\r\n<tr>\r\n<td style=\"text-align: center; \"><span><a title=\"\" href=\"https://www.bananal.sp.leg.br/arquivos/portarias/2017/p-006-2017.pdf\" class=\"internal-link\" target=\"_blank\">Portaria 006/2017</a></span></td>\r\n<td style=\"text-align: justify; \"><span>Disp\u00f5e sobre a nomea\u00e7\u00e3o de servidor para o cargo em comiss\u00e3o de Assessor da Presid\u00eancia, e d\u00e1 outras provid\u00eancias.</span><span></span></td>\r\n<td style=\"text-align: center; \"><span>02/01/2017</span></td>\r\n</tr>\r\n<tr>\r\n<td style=\"text-align: center; \"><span><a title=\"\" href=\"https://www.bananal.sp.leg.br/arquivos/portarias/2017/p-007-2017.pdf\" class=\"internal-link\" target=\"_blank\">Portaria 007/2017</a></span></td>\r\n<td style=\"text-align: justify; \"><span>Disp\u00f5e sobre a nomea\u00e7\u00e3o dos membros da Comiss\u00e3o Permanente de Licita\u00e7\u00e3o da C\u00e2mara Municipal de Bananal, e d\u00e1 outras provid\u00eancias.</span><span></span></td>\r\n<td style=\"text-align: center; \"><span>03/01/2017</span></td>\r\n</tr>\r\n<tr>\r\n<td style=\"text-align: center; \"><span><a title=\"\" href=\"https://www.bananal.sp.leg.br/arquivos/portarias/2017/p-008-2017.pdf\" class=\"internal-link\" target=\"_blank\">Portaria 008/2017</a></span></td>\r\n<td style=\"text-align: justify; \"><span>Disp\u00f5e sobre a exonera\u00e7\u00e3o de servidor do Cargo em Comiss\u00e3o de Assessor da Presid\u00eancia, e d\u00e1 outras provid\u00eancias.</span><span></span></td>\r\n<td style=\"text-align: center; \"><span>05/05/2017</span></td>\r\n</tr>\r\n<tr>\r\n<td style=\"text-align: center; \"><span><a title=\"\" href=\"https://www.bananal.sp.leg.br/arquivos/portarias/2017/p-009-2017.pdf\" class=\"internal-link\" target=\"_blank\">Portaria 009/2017</a></span></td>\r\n<td style=\"text-align: justify; \"><span>Disp\u00f5e sobre a nomea\u00e7\u00e3o de servidor para o cargo em comiss\u00e3o de Assessor Parlamentar da Presid\u00eancia, e d\u00e1 outras provid\u00eancias.</span><span></span></td>\r\n<td style=\"text-align: center; \"><span>05/05/2017</span></td>\r\n</tr>\r\n<tr>\r\n<td style=\"text-align: center; \"><span><a title=\"\" href=\"https://www.bananal.sp.leg.br/arquivos/portarias/2017/p-010-2017.pdf\" class=\"internal-link\" target=\"_blank\">Portaria 010/2017</a></span></td>\r\n<td style=\"text-align: justify; \"><span>Homologa e Prorroga, a ced\u00eancia, por permuta da servidora Silvana Maria Medeiros com o servidor Luis Ant\u00f4nio Carreira.\u00a0</span><span class=\"style25\">(Revogada pela <a title=\"\" href=\"https://www.bananal.sp.leg.br/arquivos/portarias/2018/p-004-2018.pdf\" class=\"internal-link\" target=\"_blank\">Portaria 004/2018</a>)</span></td>\r\n<td style=\"text-align: center; \"><span>05/06/2017</span></td>\r\n</tr>\r\n<tr>\r\n<td style=\"text-align: center; \"><span><a title=\"\" href=\"https://www.bananal.sp.leg.br/arquivos/portarias/2017/p-011-2017.pdf\" class=\"internal-link\" target=\"_blank\">Portaria 011/2017</a></span></td>\r\n<td style=\"text-align: justify; \"><span>Disp\u00f5e sobre a substitui\u00e7\u00e3o e nomea\u00e7\u00e3o de membro da Comiss\u00e3o Permanente de Controle Interno da C\u00e2mara Municipal de Bananal, e d\u00e1 outras provid\u00eancias.</span><span></span></td>\r\n<td style=\"text-align: center; \"><span>12/06/2017</span></td>\r\n</tr>\r\n<tr>\r\n<td style=\"text-align: center; \"><span><a title=\"\" href=\"https://www.bananal.sp.leg.br/arquivos/portarias/2017/p-012-2017.pdf\" class=\"internal-link\" target=\"_blank\">Portaria 012/2017</a></span></td>\r\n<td style=\"text-align: justify; \"><span>Disp\u00f5e sobre a designa\u00e7\u00e3o de servidor para secretariar os trabalhos da Comiss\u00e3o Especial de Inqu\u00e9rito.</span><span></span></td>\r\n<td style=\"text-align: center; \"><span>03/10/2017</span></td>\r\n</tr>\r\n<tr>\r\n<td style=\"text-align: center; \"><span><a title=\"\" href=\"https://www.bananal.sp.leg.br/arquivos/portarias/2017/p-013-2017.pdf\" class=\"internal-link\" target=\"_blank\">Portaria 013/2017</a></span></td>\r\n<td style=\"text-align: justify; \"><span>Disp\u00f5e sobre a exonera\u00e7\u00e3o de servidor do cargo de provimento em comiss\u00e3o de Assessor Parlamentar da Presid\u00eancia.</span><span></span></td>\r\n<td style=\"text-align: center; \"><span>30/11/2017</span></td>\r\n</tr>\r\n<tr>\r\n<td style=\"text-align: center; \"><span><a title=\"\" href=\"https://www.bananal.sp.leg.br/arquivos/portarias/2017/p-014-2017.pdf\" class=\"internal-link\" target=\"_blank\">Portaria 014/2017</a></span></td>\r\n<td style=\"text-align: justify; \"><span>Disp\u00f5e sobre a exonera\u00e7\u00e3o de servidor do cargo de provimento em comiss\u00e3o de Assessor Jur\u00eddico da Presid\u00eancia.</span><span></span></td>\r\n<td style=\"text-align: center; \"><span>30/11/2017</span></td>\r\n</tr>\r\n<tr>\r\n<td style=\"text-align: center; \"><span><a title=\"\" href=\"https://www.bananal.sp.leg.br/arquivos/portarias/2017/p-015-2017.pdf\" class=\"internal-link\" target=\"_blank\">Portaria 015/2017</a></span></td>\r\n<td style=\"text-align: justify; \"><span>Disp\u00f5e sobre a nomea\u00e7\u00e3o de servidor para o cargo de provimento em comiss\u00e3o de Assessor de Gabinete da Presid\u00eancia.</span><span></span></td>\r\n<td style=\"text-align: center; \"><span>01/12/2017</span></td>\r\n</tr>\r\n<tr>\r\n<td style=\"text-align: center; \"><span><span><a title=\"\" href=\"https://www.bananal.sp.leg.br/arquivos/portarias/2017/p-016-2017.pdf\" class=\"internal-link\" target=\"_blank\">Portaria 016/2017</a></span></span></td>\r\n<td style=\"text-align: justify; \"><span>Disp\u00f5e sobre a nomea\u00e7\u00e3o de servidor para o cargo de provimento em comiss\u00e3o de Assessor Legislativo da Presid\u00eancia.</span></td>\r\n<td style=\"text-align: center; \"><span>01/12/2017</span></td>\r\n</tr>\r\n<tr>\r\n<td style=\"text-align: center; \"><a title=\"\" href=\"https://www.bananal.sp.leg.br/arquivos/portarias/2018/p-001-2018.pdf\" class=\"internal-link\" target=\"_blank\">Portaria 001/2018</a></td>\r\n<td style=\"text-align: justify; \"><span>Disp\u00f5e sobre a designa\u00e7\u00e3o dos membros da Comiss\u00e3o Permanente de Controle Interno da C\u00e2mara Municipal de Bananal, criada pela Lei n\u00ba 109, de 27 de fevereiro de 2014, e d\u00e1 outras provid\u00eancias.</span><span></span></td>\r\n<td style=\"text-align: center; \"><span>02/01/2018</span><span></span></td>\r\n</tr>\r\n<tr>\r\n<td style=\"text-align: center; \"><a title=\"\" href=\"https://www.bananal.sp.leg.br/arquivos/portarias/2018/p-002-2018.pdf\" class=\"internal-link\" target=\"_blank\">Portaria 002/2018</a></td>\r\n<td style=\"text-align: justify; \"><span>Disp\u00f5e sobre a nomea\u00e7\u00e3o de servidor para movimentar conta corrente, e d\u00e1 outras provid\u00eancias.</span></td>\r\n<td style=\"text-align: center; \"><span>02/01/2018</span></td>\r\n</tr>\r\n<tr>\r\n<td style=\"text-align: center; \"><span><a title=\"\" href=\"https://www.bananal.sp.leg.br/arquivos/portarias/2018/p-003-2018.pdf\" class=\"internal-link\" target=\"_blank\">Portaria 003/2018</a></span></td>\r\n<td style=\"text-align: justify; \"><span>Disp\u00f5e sobre a nomea\u00e7\u00e3o de servidora para movimentar conta corrente, e d\u00e1 outras provid\u00eancias.</span></td>\r\n<td style=\"text-align: center; \"><span>02/01/2018</span></td>\r\n</tr>\r\n<tr>\r\n<td style=\"text-align: center; \"><span><a title=\"\" href=\"https://www.bananal.sp.leg.br/arquivos/portarias/2018/p-004-2018.pdf\" class=\"internal-link\" target=\"_blank\">Portaria 004/2018</a></span></td>\r\n<td style=\"text-align: justify; \"><span>Disp\u00f5e sobre a revoga\u00e7\u00e3o da Portaria n.\u00ba 10, de 05 de junho de 2017.</span></td>\r\n<td style=\"text-align: center; \"><span>10/04/2018</span></td>\r\n</tr>\r\n<tr>\r\n<td style=\"text-align: center; \"><span><a title=\"\" href=\"https://www.bananal.sp.leg.br/arquivos/portarias/2018/p-005-2018.pdf\" class=\"internal-link\" target=\"_blank\">Portaria 005/2018</a></span></td>\r\n<td style=\"text-align: justify; \"><span>Disp\u00f5e sobre a designa\u00e7\u00e3o de servidor para secretariar os trabalhos da Comiss\u00e3o Processante.</span></td>\r\n<td style=\"text-align: center; \"><span>29/06/2018</span></td>\r\n</tr>\r\n<tr>\r\n<td style=\"text-align: center; \"><span><a title=\"\" href=\"https://www.bananal.sp.leg.br/arquivos/portarias/2018/p-006-2018.pdf\" class=\"internal-link\" target=\"_blank\">Portaria 006/2018</a></span></td>\r\n<td style=\"text-align: justify; \"><span>Disp\u00f5e sobre a exonera\u00e7\u00e3o de servidor do cargo em Comiss\u00e3o de Assessor de Gabinete da Presid\u00eancia, e d\u00e1 outras provid\u00eancias.</span></td>\r\n<td style=\"text-align: center; \"><span>31/12/2018</span></td>\r\n</tr>\r\n<tr>\r\n<td style=\"text-align: center; \"><span><a title=\"\" href=\"https://www.bananal.sp.leg.br/arquivos/portarias/2018/p-007-2018.pdf\" class=\"internal-link\" target=\"_blank\">Portaria 007/2018</a></span></td>\r\n<td style=\"text-align: justify; \"><span>Disp\u00f5e sobre a exonera\u00e7\u00e3o de servidor do cargo em Comiss\u00e3o de Assessor Legislativo da Presid\u00eancia, e d\u00e1 outras provid\u00eancias.</span></td>\r\n<td style=\"text-align: center; \"><span>31/12/2018</span></td>\r\n</tr>\r\n<tr>\r\n<td style=\"text-align: center; \"><span><span><a title=\"\" href=\"https://www.bananal.sp.leg.br/arquivos/portarias/2019/p-001-2019.pdf\" class=\"internal-link\" target=\"_blank\">Portaria 001/2019</a></span></span></td>\r\n<td style=\"text-align: justify; \"><span>Disp\u00f5e sobre a nomea\u00e7\u00e3o de servidor para o cargo em comiss\u00e3o de Assessor Legislativo da Presid\u00eancia, e d\u00e1 outras provid\u00eancias.</span></td>\r\n<td style=\"text-align: center; \"><span>02/01/2019</span></td>\r\n</tr>\r\n<tr>\r\n<td style=\"text-align: center; \"><span><span><span><a title=\"\" href=\"https://www.bananal.sp.leg.br/arquivos/portarias/2019/p-002-2019.pdf\" class=\"internal-link\" target=\"_blank\">Portaria 002/2019</a></span></span></span></td>\r\n<td style=\"text-align: justify; \"><span>Disp\u00f5e sobre a nomea\u00e7\u00e3o de servidor para o cargo em comiss\u00e3o de Assessor de Gabinete da Presid\u00eancia, e d\u00e1 outras provid\u00eancias.</span></td>\r\n<td style=\"text-align: center; \"><span>02/01/2019</span></td>\r\n</tr>\r\n<tr>\r\n<td style=\"text-align: center; \"><span><a title=\"\" href=\"https://www.bananal.sp.leg.br/arquivos/portarias/2019/p-003-2019.pdf\" class=\"internal-link\" target=\"_blank\"><span>Portaria 003/2019</span><span></span></a></span></td>\r\n<td style=\"text-align: justify; \"><span>Disp\u00f5e sobre a nomea\u00e7\u00e3o de servidor para movimentar conta corrente, e d\u00e1 outras provid\u00eancias.</span></td>\r\n<td style=\"text-align: center; \"><span>02/01/2019</span></td>\r\n</tr>\r\n<tr>\r\n<td style=\"text-align: center; \"><span><a title=\"\" href=\"https://www.bananal.sp.leg.br/arquivos/portarias/2019/p-004-2019.pdf\" class=\"internal-link\" target=\"_blank\"><span>Portaria 004/2019</span><span></span></a></span></td>\r\n<td style=\"text-align: justify; \"><span>Disp\u00f5e sobre a nomea\u00e7\u00e3o de servidora para movimentar conta corrente, e d\u00e1 outras provid\u00eancias.</span></td>\r\n<td style=\"text-align: center; \"><span>02/01/2019</span></td>\r\n</tr>\r\n<tr>\r\n<td style=\"text-align: center; \"><span><a title=\"\" href=\"https://www.bananal.sp.leg.br/arquivos/portarias/2019/p-005-2019.pdf\" class=\"internal-link\" target=\"_blank\"><span>Portaria 005/2019</span><span></span></a></span></td>\r\n<td style=\"text-align: justify; \"><span>Disp\u00f5e sobre a nomea\u00e7\u00e3o dos membros da Comiss\u00e3o Permanente de Licita\u00e7\u00e3o da C\u00e2mara Municipal de Bananal, e d\u00e1 outras provid\u00eancias.</span></td>\r\n<td style=\"text-align: center; \"><span>02/01/2019</span></td>\r\n</tr>\r\n<tr>\r\n<td style=\"text-align: center; \"><span><a title=\"\" href=\"https://www.bananal.sp.leg.br/arquivos/portarias/2019/p-006-2019.pdf\" class=\"internal-link\" target=\"_blank\"><span>Portaria 006/2019</span><span></span></a></span></td>\r\n<td style=\"text-align: justify; \">Disp\u00f5e sobre a designa\u00e7\u00e3o dos membros da Comiss\u00e3o Permanente de Controle Interno da C\u00e2mara Municipal de Bananal, criada pela Lei n\u00ba 109, de 27 de fevereiro de 2014, e d\u00e1 outras provid\u00eancias. (Revogada pela <a title=\"\" href=\"https://www.bananal.sp.leg.br/arquivos/portarias/2020/p-001-2020.pdf\" class=\"internal-link\" target=\"_blank\">Portaria 001/2020</a>)</td>\r\n<td style=\"text-align: center; \"><span>02/01/2019</span></td>\r\n</tr>\r\n<tr>\r\n<td style=\"text-align: center; \"><span><span><a title=\"\" href=\"https://www.bananal.sp.leg.br/arquivos/portarias/2020/p-001-2020.pdf\" class=\"internal-link\" target=\"_blank\">Portaria 001/2020</a></span></span></td>\r\n<td style=\"text-align: justify; \"><span>Revoga a Portaria n.\u00ba 06, de 02 de janeiro de 2019, e d\u00e1 outras provid\u00eancias.</span></td>\r\n<td style=\"text-align: center; \"><span>06/01/2020</span></td>\r\n</tr>\r\n<tr>\r\n<td style=\"text-align: center; \"><span><span><span><a title=\"\" href=\"https://www.bananal.sp.leg.br/arquivos/portarias/2020/p-002-2020.pdf\" class=\"internal-link\" target=\"_blank\">Portaria 002/2020</a></span></span></span></td>\r\n<td style=\"text-align: justify; \"><span>Disp\u00f5e sobre a nomea\u00e7\u00e3o do Controlador Interno da C\u00e2mara Municipal de Bananal, e d\u00e1 outras provid\u00eancias.</span></td>\r\n<td style=\"text-align: center; \"><span>06/01/2020</span></td>\r\n</tr>\r\n<tr>\r\n<td style=\"text-align: center; \"><span><a title=\"\" href=\"https://www.bananal.sp.leg.br/arquivos/portarias/2020/p-003-2020.pdf\" class=\"internal-link\" target=\"_blank\"><span>Portaria 003/2020</span><span></span></a></span></td>\r\n<td style=\"text-align: justify; \"><span>Disp\u00f5e sobre a nomea\u00e7\u00e3o de servidor para movimentar conta corrente, e d\u00e1 outras provid\u00eancias.</span></td>\r\n<td style=\"text-align: center; \"><span>06/01/2020</span></td>\r\n</tr>\r\n<tr>\r\n<td style=\"text-align: center; \"><span><a title=\"\" href=\"https://www.bananal.sp.leg.br/arquivos/portarias/2020/p-004-2020.pdf\" class=\"internal-link\" target=\"_blank\"><span>Portaria 004/2020</span><span></span></a></span></td>\r\n<td style=\"text-align: justify; \"><span>Disp\u00f5e sobre a nomea\u00e7\u00e3o de servidora para movimentar conta corrente, e d\u00e1 outras provid\u00eancias.</span></td>\r\n<td style=\"text-align: center; \"><span>06/01/2020</span></td>\r\n</tr>\r\n<tr>\r\n<td style=\"text-align: center; \"><span><a title=\"\" href=\"https://www.bananal.sp.leg.br/arquivos/portarias/2020/p-005-2020.pdf\" class=\"internal-link\" target=\"_blank\"><span>Portaria 005/2020</span><span></span></a></span></td>\r\n<td style=\"text-align: justify; \"><span>Revoga a Portaria n.\u00ba 05, de 02 de janeiro de 2019, e d\u00e1 outras provid\u00eancias.</span></td>\r\n<td style=\"text-align: center; \"><span>06/01/2020</span></td>\r\n</tr>\r\n<tr>\r\n<td style=\"text-align: center; \"><span><a title=\"\" href=\"https://www.bananal.sp.leg.br/arquivos/portarias/2020/p-006-2020.pdf\" class=\"internal-link\" target=\"_blank\"><span>Portaria 006/2020</span><span></span></a></span></td>\r\n<td style=\"text-align: justify; \"><span>Disp\u00f5e sobre a concess\u00e3o de Licen\u00e7a Maternidade \u00e0 servidora da C\u00e2mara Municipal de Bananal CRISTIANE DOS SANTOS SOARES.</span></td>\r\n<td style=\"text-align: center; \"><span>22/04/2020</span></td>\r\n</tr>\r\n<tr>\r\n<td style=\"text-align: center; \"><span><a title=\"\" href=\"https://www.bananal.sp.leg.br/arquivos/portarias/2020/p-007-2020.pdf\" class=\"internal-link\" target=\"_blank\"><span>Portaria 007/2020</span><span></span></a></span></td>\r\n<td style=\"text-align: justify; \"><span>Disp\u00f5e sobre a concess\u00e3o de F\u00e9rias \u00e0 servidora da C\u00e2mara Municipal de Bananal CRISTIANE DOS SANTOS SOARES.</span></td>\r\n<td style=\"text-align: center; \"><span>13/10/2020</span></td>\r\n</tr>\r\n<tr>\r\n<td style=\"text-align: center; \"><span><a title=\"\" href=\"https://www.bananal.sp.leg.br/arquivos/portarias/2020/p-008-2020.pdf\" class=\"internal-link\" target=\"_blank\"><span>Portaria 008/2020</span><span></span></a></span></td>\r\n<td style=\"text-align: justify; \"><span>Disp\u00f5e sobre a concess\u00e3o de Licen\u00e7a Pr\u00eamio \u00e0 servidora da C\u00e2mara Municipal de Bananal CRISTIANE DOS SANTOS SOARES.</span></td>\r\n<td style=\"text-align: center; \"><span>16/11/2020</span></td>\r\n</tr>\r\n<tr>\r\n<td style=\"text-align: center; \"><span><a title=\"\" href=\"https://www.bananal.sp.leg.br/arquivos/portarias/2020/p-009-2020.pdf\" class=\"internal-link\" target=\"_blank\"><span>Portaria 009/2020</span><span></span></a></span></td>\r\n<td style=\"text-align: justify; \"><span>Disp\u00f5e sobre a exonera\u00e7\u00e3o de cargo de provimento em comiss\u00e3o.</span></td>\r\n<td style=\"text-align: center; \"><span>22/12/2020</span></td>\r\n</tr>\r\n<tr>\r\n<td style=\"text-align: center; \"><span><a title=\"\" href=\"https://www.bananal.sp.leg.br/arquivos/portarias/2020/p-010-2020.pdf\" class=\"internal-link\" target=\"_blank\"><span>Portaria 010/2020</span><span></span></a></span></td>\r\n<td style=\"text-align: justify; \"><span>Disp\u00f5e sobre a exonera\u00e7\u00e3o de cargo de provimento em comiss\u00e3o.</span></td>\r\n<td style=\"text-align: center; \"><span>22/12/2020</span></td>\r\n</tr>\r\n<tr>\r\n<td style=\"text-align: center; \"><span><a title=\"\" href=\"https://www.bananal.sp.leg.br/arquivos/portarias/2020/p-011-2020.pdf\" class=\"internal-link\" target=\"_blank\"><span>Portaria 011/2020</span><span></span></a></span></td>\r\n<td style=\"text-align: justify; \"><span>Disp\u00f5e sobre a exonera\u00e7\u00e3o de Fun\u00e7\u00e3o Gratificada de Controlador Interno.</span></td>\r\n<td style=\"text-align: center; \"><span>22/12/2020</span></td>\r\n</tr>\r\n</tbody>\r\n</table>", "author_name": "", "version": "1.0", "author_url": "https://www.bananal.sp.leg.br/author/adm", "provider_name": "C\u00e2mara Municipal da Est\u00e2ncia Tur\u00edstica de Bananal", "type": "rich"}