{"provider_url": "https://www.bananal.sp.leg.br", "title": "Portarias 2021 - 2024", "html": "<div id=\"ag-1731436872178\"></div>\r\n<div id=\"ag-1726051740062\"></div>\r\n<div id=\"ag-1722604280202\"></div>\r\n<table class=\"plain\">\r\n<tbody>\r\n<tr><th style=\"text-align: center; \">PORTARIAS</th><th style=\"text-align: center; \">EMENTAS</th><th style=\"text-align: center; \"><span>DATA DA PUBLICA\u00c7\u00c3O</span></th></tr>\r\n<tr>\r\n<td style=\"text-align: center; \"><a title=\"\" href=\"https://www.bananal.sp.leg.br/arquivos/portarias/2021/p-001-2021.pdf\" class=\"internal-link\" target=\"_blank\">Portaria 001/2021</a></td>\r\n<td style=\"text-align: justify; \"><span>Disp\u00f5e sobre a nomea\u00e7\u00e3o de servidor para movimentar conta banc\u00e1ria da C\u00e2mara Municipal da Est\u00e2ncia Tur\u00edstica de Bananal, e d\u00e1 outras provid\u00eancias.</span></td>\r\n<td style=\"text-align: center; \"><span>04/01/2021</span></td>\r\n</tr>\r\n<tr>\r\n<td style=\"text-align: center; \"><span><a title=\"\" href=\"https://www.bananal.sp.leg.br/arquivos/portarias/2021/p-002-2021.pdf\" class=\"internal-link\" target=\"_blank\">Portaria 002/2021</a></span></td>\r\n<td style=\"text-align: justify; \"><span>Disp\u00f5e sobre a nomea\u00e7\u00e3o do Controlador Interno da C\u00e2mara Municipal da Est\u00e2ncia Tur\u00edstica de Bananal, e d\u00e1 outras provid\u00eancias.</span><span></span></td>\r\n<td style=\"text-align: center; \"><span>04/01/2021</span></td>\r\n</tr>\r\n<tr>\r\n<td style=\"text-align: center; \"><span><a title=\"\" href=\"https://www.bananal.sp.leg.br/arquivos/portarias/2021/p-003-2021.pdf\" class=\"internal-link\" target=\"_blank\">Portaria 003/2021</a></span></td>\r\n<td style=\"text-align: justify; \"><span>Disp\u00f5e sobre a nomea\u00e7\u00e3o para cargo em comiss\u00e3o de Assessor de Gabinete da Presid\u00eancia, e d\u00e1 outras provid\u00eancias.</span><span></span></td>\r\n<td style=\"text-align: center; \"><span>04/01/2021</span></td>\r\n</tr>\r\n<tr>\r\n<td style=\"text-align: center; \"><span><a title=\"\" href=\"https://www.bananal.sp.leg.br/arquivos/portarias/2021/p-004-2021.pdf\" class=\"internal-link\" target=\"_blank\">Portaria 004/2021</a></span></td>\r\n<td style=\"text-align: justify; \"><span>Disp\u00f5e sobre a nomea\u00e7\u00e3o para cargo em comiss\u00e3o de Assessor Legislativo da Presid\u00eancia, e d\u00e1 outras provid\u00eancias.</span><span></span></td>\r\n<td style=\"text-align: center; \"><span>04/01/2021</span></td>\r\n</tr>\r\n<tr>\r\n<td style=\"text-align: center; \"><span><a title=\"\" href=\"https://www.bananal.sp.leg.br/arquivos/portarias/2021/p-005-2021.pdf\" class=\"internal-link\" target=\"_blank\">Portaria 005/2021</a></span></td>\r\n<td style=\"text-align: justify; \"><span>Disp\u00f5e sobre a concess\u00e3o de Licen\u00e7a para Tratar de Interesse Particular \u00e0 servidora da C\u00e2mara Municipal de Bananal SILVANA MARIA MEDEIROS.</span><span></span></td>\r\n<td style=\"text-align: center; \"><span>31/03/2021</span></td>\r\n</tr>\r\n<tr>\r\n<td style=\"text-align: center; \"><span><a title=\"\" href=\"https://www.bananal.sp.leg.br/arquivos/portarias/2021/p-006-2021.pdf\" class=\"internal-link\" target=\"_blank\">Portaria 006/2021</a></span></td>\r\n<td style=\"text-align: justify; \"><span>Disp\u00f5e sobre a concess\u00e3o de F\u00e9rias ao servidor da C\u00e2mara Municipal de Bananal ELTON PEREIRA DE CARVALHO.</span><span></span></td>\r\n<td style=\"text-align: center; \"><span>15/06/2021</span></td>\r\n</tr>\r\n<tr>\r\n<td style=\"text-align: center; \"><span><a title=\"\" href=\"https://www.bananal.sp.leg.br/arquivos/portarias/2021/p-007-2021.pdf\" class=\"internal-link\" target=\"_blank\">Portaria 007/2021</a></span></td>\r\n<td style=\"text-align: justify; \"><span>Disp\u00f5e sobre a concess\u00e3o de F\u00e9rias \u00e0 servidora da C\u00e2mara Municipal de Bananal CRISTIANE DOS SANTOS SOARES.</span><span></span></td>\r\n<td style=\"text-align: center; \"><span>09/08/2021</span></td>\r\n</tr>\r\n<tr>\r\n<td style=\"text-align: center; \"><span><a title=\"\" href=\"https://www.bananal.sp.leg.br/arquivos/portarias/2021/p-008-2021.pdf\" class=\"internal-link\" target=\"_blank\">Portaria 008/2021</a></span></td>\r\n<td style=\"text-align: justify; \"><span>Disp\u00f5e sobre a concess\u00e3o de F\u00e9rias ao servidor da C\u00e2mara Municipal de Bananal, RAFAEL ANDRADE SILVA.</span><span></span></td>\r\n<td style=\"text-align: center; \"><span>04/10/2021</span></td>\r\n</tr>\r\n<tr>\r\n<td style=\"text-align: center; \"><span><a title=\"\" href=\"https://www.bananal.sp.leg.br/arquivos/portarias/2021/p-009-2021.pdf\" class=\"internal-link\" target=\"_blank\">Portaria 009/2021</a></span></td>\r\n<td style=\"text-align: justify; \"><span>Disp\u00f5e sobre a concess\u00e3o de F\u00e9rias \u00e0 servidora da C\u00e2mara Municipal de Bananal, VILMA LIMA DE MIRANDA ALMEIDA.</span><span></span></td>\r\n<td style=\"text-align: center; \"><span>15/10/2021</span></td>\r\n</tr>\r\n<tr>\r\n<td style=\"text-align: center; \"><span><a title=\"\" href=\"https://www.bananal.sp.leg.br/arquivos/portarias/2022/p-001-2022.pdf\" class=\"internal-link\" target=\"_blank\">Portaria 001/2022</a></span></td>\r\n<td style=\"text-align: justify; \"><span>Disp\u00f5e sobre a concess\u00e3o de F\u00e9rias ao servidor da C\u00e2mara Municipal de Bananal FL\u00c1VIO CORR\u00caA COUTINHO.</span><span></span></td>\r\n<td style=\"text-align: center; \"><span>04/01/2022</span></td>\r\n</tr>\r\n<tr>\r\n<td style=\"text-align: center; \"><span><span><a title=\"\" href=\"https://www.bananal.sp.leg.br/arquivos/portarias/2022/p-002-2022.pdf\" class=\"internal-link\" target=\"_blank\">Portaria 002/2022</a></span></span></td>\r\n<td style=\"text-align: justify; \"><span>Disp\u00f5e sobre a concess\u00e3o de F\u00e9rias ao funcion\u00e1rio da C\u00e2mara Municipal de Bananal FLAVIANO HOTH DE BARROS.</span></td>\r\n<td style=\"text-align: center; \"><span>04/01/2022</span></td>\r\n</tr>\r\n<tr>\r\n<td style=\"text-align: center; \"><span><span><a title=\"\" href=\"https://www.bananal.sp.leg.br/arquivos/portarias/2022/p-003-2022.pdf\" class=\"internal-link\" target=\"_blank\">Portaria 003/2022</a></span></span></td>\r\n<td style=\"text-align: justify; \"><span>Disp\u00f5e sobre a concess\u00e3o de F\u00e9rias a servidora da C\u00e2mara Municipal de Bananal VILMA LIMA DE MIRANDA ALMEIDA.</span></td>\r\n<td style=\"text-align: center; \"><span>01/02/2022</span></td>\r\n</tr>\r\n<tr>\r\n<td style=\"text-align: center; \"><span><span><a title=\"\" href=\"https://www.bananal.sp.leg.br/arquivos/portarias/2022/p-004-2022.pdf\" class=\"internal-link\" target=\"_blank\">Portaria 004/2022</a></span></span></td>\r\n<td style=\"text-align: justify; \"><span class=\"style24\">Disp\u00f5e sobre a concess\u00e3o de F\u00e9rias ao servidor da C\u00e2mara Municipal de Bananal\u00a0</span><span>RAFAEL ANDRADE SILVA.</span></td>\r\n<td style=\"text-align: center; \"><span>07/03/2022</span></td>\r\n</tr>\r\n<tr>\r\n<td style=\"text-align: center; \"><span><span><a title=\"\" href=\"https://www.bananal.sp.leg.br/arquivos/portarias/2022/p-005-2022.pdf\" class=\"internal-link\" target=\"_blank\">Portaria 005/2022</a></span></span></td>\r\n<td style=\"text-align: justify; \"><span class=\"style24\">Disp\u00f5e sobre a concess\u00e3o de F\u00e9rias ao servidor da C\u00e2mara Municipal de Bananal\u00a0</span><span>ELTON PEREIRA DE CARVALHO.</span></td>\r\n<td style=\"text-align: center; \"><span>08/04/2022</span></td>\r\n</tr>\r\n<tr>\r\n<td style=\"text-align: center; \"><span><span><a title=\"\" href=\"https://www.bananal.sp.leg.br/arquivos/portarias/2022/p-006-2022.pdf\" class=\"internal-link\" target=\"_blank\">Portaria 006/2022</a></span></span></td>\r\n<td style=\"text-align: justify; \"><span>Disp\u00f5e sobre a nomea\u00e7\u00e3o do Controlador de Patrim\u00f4nio da C\u00e2mara Municipal da Est\u00e2ncia Tur\u00edstica de Bananal, e d\u00e1 outras provid\u00eancias.</span></td>\r\n<td style=\"text-align: center; \"><span>12/04/2022</span></td>\r\n</tr>\r\n<tr>\r\n<td style=\"text-align: center; \"><span><span><a title=\"\" href=\"https://www.bananal.sp.leg.br/arquivos/portarias/2022/p-007-2022.pdf\" class=\"internal-link\" target=\"_blank\">Portaria 007/2022</a></span></span></td>\r\n<td style=\"text-align: justify; \"><span>Disp\u00f5e sobre a nomea\u00e7\u00e3o do Coordenador de Compras, Licita\u00e7\u00f5es e Gest\u00e3o de Contratos da C\u00e2mara Municipal da Est\u00e2ncia Tur\u00edstica de Bananal, e d\u00e1 outras provid\u00eancias.</span></td>\r\n<td style=\"text-align: center; \"><span>12/04/2022</span></td>\r\n</tr>\r\n<tr>\r\n<td style=\"text-align: center; \"><span><span><a title=\"\" href=\"https://www.bananal.sp.leg.br/arquivos/portarias/2022/p-008-2022.pdf\" class=\"internal-link\" target=\"_blank\">Portaria 008/2022</a></span></span></td>\r\n<td style=\"text-align: justify; \"><span><span class=\"style24\">Disp\u00f5e sobre a concess\u00e3o de F\u00e9rias ao servidor da C\u00e2mara Municipal de Bananal FL\u00c1VIO CORR\u00caA COUTINHO</span><span>.</span></span></td>\r\n<td style=\"text-align: center; \"><span>13/06/2022</span></td>\r\n</tr>\r\n<tr>\r\n<td style=\"text-align: center; \"><span><span><a title=\"\" href=\"https://www.bananal.sp.leg.br/arquivos/portarias/2022/p-009-2022.pdf\" class=\"internal-link\" target=\"_blank\">Portaria 009/2022</a></span></span></td>\r\n<td style=\"text-align: justify; \"><span><span class=\"style24\">Disp\u00f5e sobre a concess\u00e3o de Licen\u00e7a Pr\u00eamio ao servidor da C\u00e2mara Municipal de Bananal\u00a0</span><span>RAFAEL ANDRADE SILVA.</span></span></td>\r\n<td style=\"text-align: center; \"><span>21/06/2022</span></td>\r\n</tr>\r\n<tr>\r\n<td style=\"text-align: center; \"><span><span><a title=\"\" href=\"https://www.bananal.sp.leg.br/arquivos/portarias/2022/p-010-2022.pdf\" class=\"internal-link\" target=\"_blank\">Portaria 010/2022</a></span></span></td>\r\n<td style=\"text-align: justify; \"><span><span class=\"style24\">Disp\u00f5e sobre a concess\u00e3o de F\u00e9rias ao servidor da C\u00e2mara Municipal de Bananal\u00a0</span><span>BRASILINO DE ANDRADE J\u00daNIOR.</span></span></td>\r\n<td style=\"text-align: center; \"><span>23/06/2022</span></td>\r\n</tr>\r\n<tr>\r\n<td style=\"text-align: center; \"><span><span><a title=\"\" href=\"https://www.bananal.sp.leg.br/arquivos/portarias/2022/p-011-2022.pdf\" class=\"internal-link\" target=\"_blank\">Portaria 011/2022</a></span></span></td>\r\n<td style=\"text-align: justify; \"><span><span class=\"style24\">Disp\u00f5e sobre a concess\u00e3o de F\u00e9rias \u00e0 servidora da C\u00e2mara Municipal de Bananal\u00a0</span><span>CRISTIANE DOS SANTOS SOARES.</span></span></td>\r\n<td style=\"text-align: center; \"><span>23/06/2022</span></td>\r\n</tr>\r\n<tr>\r\n<td style=\"text-align: center; \"><span><span><a title=\"\" href=\"https://www.bananal.sp.leg.br/arquivos/portarias/2022/p-012-2022.pdf\" class=\"internal-link\" target=\"_blank\">Portaria 012/2022</a></span></span></td>\r\n<td style=\"text-align: justify; \"><span><span class=\"style24\"><span class=\"style24\">Disp\u00f5e sobre a concess\u00e3o de F\u00e9rias ao servidor da C\u00e2mara Municipal de Bananal\u00a0</span><span>BRASILINO DE ANDRADE J\u00daNIOR.</span></span></span></td>\r\n<td style=\"text-align: center; \"><span>16/09/2022</span></td>\r\n</tr>\r\n<tr>\r\n<td style=\"text-align: center; \"><span><span><a title=\"\" href=\"https://www.bananal.sp.leg.br/arquivos/portarias/2022/p-013-2022.pdf\" class=\"internal-link\" target=\"_blank\">Portaria 013/2022</a></span></span></td>\r\n<td style=\"text-align: justify; \"><span><span class=\"style24\"><span class=\"style24\"><span class=\"style24\">Disp\u00f5e sobre a concess\u00e3o de F\u00e9rias ao funcion\u00e1rio da C\u00e2mara Municipal de Bananal\u00a0</span><span>FLAVIANO HOTH DE BARROS.</span></span></span></span></td>\r\n<td style=\"text-align: center; \"><span>20/09/2022</span></td>\r\n</tr>\r\n<tr>\r\n<td style=\"text-align: center; \"><a title=\"\" href=\"https://www.bananal.sp.leg.br/arquivos/portarias/2022/p-014-2022.pdf\" class=\"internal-link\" target=\"_blank\">Portaria 014/2022<span><span></span></span></a></td>\r\n<td style=\"text-align: justify; \">Disp\u00f5e sobre a concess\u00e3o de F\u00e9rias ao servidor da C\u00e2mara Municipal de Bananal RAFAEL ANDRADE SILVA.<span><span class=\"style24\"><span class=\"style24\"><span class=\"style24\"></span></span></span></span></td>\r\n<td style=\"text-align: center; \">10/11/2022<span></span></td>\r\n</tr>\r\n<tr>\r\n<td style=\"text-align: center; \"><span><a title=\"\" href=\"https://www.bananal.sp.leg.br/arquivos/portarias/2022/p-015-2022.pdf\" class=\"internal-link\" target=\"_blank\">Portaria 015/2022</a></span></td>\r\n<td style=\"text-align: justify; \">Disp\u00f5e sobre a concess\u00e3o de F\u00e9rias ao servidor da C\u00e2mara Municipal de Bananal TADEU DOS SANTOS NOGUEIRA.</td>\r\n<td style=\"text-align: center; \">11/11/2022</td>\r\n</tr>\r\n<tr>\r\n<td style=\"text-align: center; \"><span><a title=\"\" href=\"https://www.bananal.sp.leg.br/arquivos/portarias/2022/p-016-2022.pdf\" class=\"internal-link\" target=\"_blank\">Portaria 016/2022</a></span></td>\r\n<td style=\"text-align: justify; \">Disp\u00f5e sobre a exonera\u00e7\u00e3o de cargo de provimento em comiss\u00e3o.</td>\r\n<td style=\"text-align: center; \">22/12/2022</td>\r\n</tr>\r\n<tr>\r\n<td style=\"text-align: center; \"><span><a title=\"\" href=\"https://www.bananal.sp.leg.br/arquivos/portarias/2022/p-017-2022.pdf\" class=\"internal-link\" target=\"_blank\">Portaria 017/2022</a></span></td>\r\n<td style=\"text-align: justify; \">Disp\u00f5e sobre a exonera\u00e7\u00e3o de cargo de provimento em comiss\u00e3o.</td>\r\n<td style=\"text-align: center; \">22/12/2022</td>\r\n</tr>\r\n<tr>\r\n<td style=\"text-align: center; \"><span><a title=\"\" href=\"https://www.bananal.sp.leg.br/arquivos/portarias/2022/p-018-2022.pdf\" class=\"internal-link\" target=\"_blank\">Portaria 018/2022</a></span></td>\r\n<td style=\"text-align: justify; \">Disp\u00f5e sobre a exonera\u00e7\u00e3o de Fun\u00e7\u00e3o Gratificada de Controlador Interno, e d\u00e1 outras provid\u00eancias.</td>\r\n<td style=\"text-align: center; \">22/12/2022</td>\r\n</tr>\r\n<tr>\r\n<td style=\"text-align: center; \"><span><a title=\"\" href=\"https://www.bananal.sp.leg.br/arquivos/portarias/2022/p-019-2022.pdf\" class=\"internal-link\" target=\"_blank\">Portaria 019/2022</a></span></td>\r\n<td style=\"text-align: justify; \">Disp\u00f5e sobre a exonera\u00e7\u00e3o de Fun\u00e7\u00e3o Gratificada de Controlador de Patrim\u00f4nio, e d\u00e1 outras provid\u00eancias.</td>\r\n<td style=\"text-align: center; \">22/12/2022</td>\r\n</tr>\r\n<tr>\r\n<td style=\"text-align: center; \"><span><a title=\"\" href=\"https://www.bananal.sp.leg.br/arquivos/portarias/2022/p-020-2022.pdf\" class=\"internal-link\" target=\"_blank\">Portaria 020/2022</a></span></td>\r\n<td style=\"text-align: justify; \">Disp\u00f5e sobre a exonera\u00e7\u00e3o de Fun\u00e7\u00e3o Gratificada de Coordenador de Compras, Licita\u00e7\u00f5es e Gest\u00e3o de Contratos, e d\u00e1 outras provid\u00eancias.</td>\r\n<td style=\"text-align: center; \">22/12/2022</td>\r\n</tr>\r\n<tr>\r\n<td style=\"text-align: center; \"><a title=\"\" href=\"https://www.bananal.sp.leg.br/arquivos/portarias/2023/p-001-2023.pdf\" class=\"internal-link\" target=\"_blank\">Portaria 001/2023</a></td>\r\n<td style=\"text-align: justify; \">Disp\u00f5e sobre a nomea\u00e7\u00e3o de servidor para movimentar conta banc\u00e1ria da C\u00e2mara Municipal da Est\u00e2ncia Tur\u00edstica de Bananal, e d\u00e1 outras provid\u00eancias.</td>\r\n<td style=\"text-align: center; \">02/01/2023</td>\r\n</tr>\r\n<tr>\r\n<td style=\"text-align: center; \"><span><a title=\"\" href=\"https://www.bananal.sp.leg.br/arquivos/portarias/2023/p-002-2023.pdf\" class=\"internal-link\" target=\"_blank\">Portaria 002/2023</a></span></td>\r\n<td style=\"text-align: justify; \">Disp\u00f5e sobre a nomea\u00e7\u00e3o para cargo em comiss\u00e3o de Assessor de Gabinete da Presid\u00eancia, e d\u00e1 outras provid\u00eancias.</td>\r\n<td style=\"text-align: center; \"><span>02/01/2023</span></td>\r\n</tr>\r\n<tr>\r\n<td style=\"text-align: center; \"><span><a title=\"\" href=\"https://www.bananal.sp.leg.br/arquivos/portarias/2023/p-003-2023.pdf\" class=\"internal-link\" target=\"_blank\">Portaria 003/2023</a></span></td>\r\n<td style=\"text-align: justify; \">Disp\u00f5e sobre a nomea\u00e7\u00e3o para cargo em comiss\u00e3o de Assessor Legislativo da Presid\u00eancia, e d\u00e1 outras provid\u00eancias.</td>\r\n<td style=\"text-align: center; \"><span>02/01/2023</span></td>\r\n</tr>\r\n<tr>\r\n<td style=\"text-align: center; \"><span><a title=\"\" href=\"https://www.bananal.sp.leg.br/arquivos/portarias/2023/p-004-2023.pdf\" class=\"internal-link\" target=\"_blank\">Portaria 004/2023</a></span></td>\r\n<td style=\"text-align: justify; \">Disp\u00f5e sobre a nomea\u00e7\u00e3o de servidor para exercer Fun\u00e7\u00e3o Gratificada de Controlador Interno, e d\u00e1 outras provid\u00eancias.</td>\r\n<td style=\"text-align: center; \"><span>02/01/2023</span></td>\r\n</tr>\r\n<tr>\r\n<td style=\"text-align: center; \"><span><a title=\"\" href=\"https://www.bananal.sp.leg.br/arquivos/portarias/2023/p-005-2023.pdf\" class=\"internal-link\" target=\"_blank\">Portaria 005/2023</a></span></td>\r\n<td style=\"text-align: justify; \">Disp\u00f5e sobre a nomea\u00e7\u00e3o de servidor para exercer Fun\u00e7\u00e3o Gratificada de Controlador de Patrim\u00f4nio, e d\u00e1 outras provid\u00eancias.</td>\r\n<td style=\"text-align: center; \"><span>02/01/2023</span></td>\r\n</tr>\r\n<tr>\r\n<td style=\"text-align: center; \"><span><a title=\"\" href=\"https://www.bananal.sp.leg.br/arquivos/portarias/2023/p-006-2023.pdf\" class=\"internal-link\" target=\"_blank\">Portaria 006/2023</a></span></td>\r\n<td style=\"text-align: justify; \">Disp\u00f5e sobre a nomea\u00e7\u00e3o de servidor para exercer Fun\u00e7\u00e3o Gratificada de Coordenador de Compras, Licita\u00e7\u00f5es e Gest\u00e3o de Contratos, e d\u00e1 outras provid\u00eancias.</td>\r\n<td style=\"text-align: center; \"><span>02/01/2023</span></td>\r\n</tr>\r\n<tr>\r\n<td style=\"text-align: center; \"><span><a title=\"\" href=\"https://www.bananal.sp.leg.br/arquivos/portarias/2023/p-007-2023.pdf\" class=\"internal-link\" target=\"_blank\">Portaria 007/2023</a></span></td>\r\n<td style=\"text-align: justify; \">Disp\u00f5e sobre a nomea\u00e7\u00e3o de servidor para exercer Fun\u00e7\u00e3o Gratificada de Ouvidor, e d\u00e1 outras provid\u00eancias.</td>\r\n<td style=\"text-align: center; \"><span>02/01/2023</span></td>\r\n</tr>\r\n<tr>\r\n<td style=\"text-align: center; \"><a title=\"\" href=\"https://www.bananal.sp.leg.br/arquivos/portarias/2023/p-008-2023.pdf\" class=\"internal-link\" target=\"_blank\">Portaria 008/2023</a></td>\r\n<td style=\"text-align: justify; \">Disp\u00f5e sobre a concess\u00e3o de F\u00e9rias \u00e0 servidora da C\u00e2mara Municipal de Bananal VILMA LIMA DE MIRANDA ALMEIDA</td>\r\n<td style=\"text-align: center; \"><span>19/01/2023</span></td>\r\n</tr>\r\n<tr>\r\n<td style=\"text-align: center; \"><a title=\"\" href=\"https://www.bananal.sp.leg.br/arquivos/portarias/2023/p-009-2023.pdf\" class=\"internal-link\" target=\"_blank\">Portaria 009/2023</a></td>\r\n<td style=\"text-align: justify; \">Disp\u00f5e sobre a concess\u00e3o de F\u00e9rias ao servidor da C\u00e2mara Municipal de Bananal ELTON PEREIRA DE CARVALHO.</td>\r\n<td style=\"text-align: center; \"><span>16/03/2023</span></td>\r\n</tr>\r\n<tr>\r\n<td style=\"text-align: center; \"><a title=\"\" href=\"https://www.bananal.sp.leg.br/arquivos/portarias/2023/p-010-2023.pdf\" class=\"internal-link\" target=\"_blank\">Portaria 010/2023</a></td>\r\n<td style=\"text-align: justify; \">Disp\u00f5e sobre a concess\u00e3o de Licen\u00e7a Pr\u00eamio ao servidor da C\u00e2mara Municipal de Bananal BRASILINO DE ANDRADE J\u00daNIOR.</td>\r\n<td style=\"text-align: center; \"><span>23/05/2023</span></td>\r\n</tr>\r\n<tr>\r\n<td style=\"text-align: center; \"><a title=\"\" href=\"https://www.bananal.sp.leg.br/arquivos/portarias/2023/p-011-2023.pdf\" class=\"internal-link\" target=\"_blank\">Portaria 011/2023</a></td>\r\n<td style=\"text-align: justify; \">Disp\u00f5e sobre a concess\u00e3o de F\u00e9rias \u00e0 servidora da C\u00e2mara Municipal de Bananal CRISTIANE DOS SANTOS SOARES.</td>\r\n<td style=\"text-align: center; \"><span>02/06/2023</span></td>\r\n</tr>\r\n<tr>\r\n<td style=\"text-align: center; \"><a title=\"\" href=\"https://www.bananal.sp.leg.br/arquivos/portarias/2023/p-012-2023.pdf\" class=\"internal-link\" target=\"_blank\">Portaria 012/2023</a></td>\r\n<td style=\"text-align: justify; \">Disp\u00f5e sobre a permuta de servidores do Poder Legislativo e Poder Executivo na forma que especifica.</td>\r\n<td style=\"text-align: center; \"><span>02/06/2023</span></td>\r\n</tr>\r\n<tr>\r\n<td style=\"text-align: center; \"><a title=\"\" href=\"https://www.bananal.sp.leg.br/arquivos/portarias/2023/p-013-2023.pdf\" class=\"internal-link\" target=\"_blank\">Portaria 013/2023</a></td>\r\n<td style=\"text-align: justify; \">Disp\u00f5e sobre a concess\u00e3o de F\u00e9rias \u00e0 servidora da C\u00e2mara Municipal de Bananal VILMA LIMA DE MIRANDA ALMEIDA.</td>\r\n<td style=\"text-align: center; \"><span>21/07/2023</span></td>\r\n</tr>\r\n<tr>\r\n<td style=\"text-align: center; \"><a title=\"\" href=\"https://www.bananal.sp.leg.br/arquivos/portarias/2023/p-014-2023.pdf\" class=\"internal-link\" target=\"_blank\"><span>P</span><span>ortaria 014/2023</span></a></td>\r\n<td style=\"text-align: justify; \">Disp\u00f5e sobre a concess\u00e3o de F\u00e9rias ao servidor da C\u00e2mara Municipal de Bananal RAFAEL ANDRADE SILVA.</td>\r\n<td style=\"text-align: center; \">21/07/2023</td>\r\n</tr>\r\n<tr>\r\n<td style=\"text-align: center; \"><a title=\"\" href=\"https://www.bananal.sp.leg.br/arquivos/portarias/2023/p-015-2023.pdf\" class=\"internal-link\" target=\"_blank\"><span>P</span><span>ortaria 015/2023</span></a></td>\r\n<td style=\"text-align: justify; \">Disp\u00f5e sobre a concess\u00e3o de F\u00e9rias ao servidor da C\u00e2mara Municipal de Bananal ELTON PEREIRA DE CARVALHO.</td>\r\n<td style=\"text-align: center; \">21/07/2023</td>\r\n</tr>\r\n<tr>\r\n<td style=\"text-align: center; \"><a title=\"\" href=\"https://www.bananal.sp.leg.br/arquivos/portarias/2023/p-016-2023.pdf\" class=\"internal-link\" target=\"_blank\"><span>P</span>ortaria 016/2023</a></td>\r\n<td style=\"text-align: justify; \">Disp\u00f5e sobre a concess\u00e3o de F\u00e9rias ao servidor da C\u00e2mara Municipal de Bananal BRASILINO DE ANDRADE J\u00daNIOR.</td>\r\n<td style=\"text-align: center; \">05/09/2023</td>\r\n</tr>\r\n<tr>\r\n<td style=\"text-align: center; \"><a title=\"\" href=\"https://www.bananal.sp.leg.br/arquivos/portarias/2023/p-017-2023.pdf\" class=\"internal-link\" target=\"_blank\"><span>P</span>ortaria 017/2023</a></td>\r\n<td style=\"text-align: justify; \">Disp\u00f5e sobre a concess\u00e3o de F\u00e9rias ao servidor da C\u00e2mara Municipal de Bananal FL\u00c1VIO CORR\u00caA COUTINHO.</td>\r\n<td style=\"text-align: center; \">03/10/2023</td>\r\n</tr>\r\n<tr>\r\n<td style=\"text-align: center; \"><a title=\"\" href=\"https://www.bananal.sp.leg.br/arquivos/portarias/2024/p-001-2024.pdf\" class=\"internal-link\" target=\"_blank\"><span>P</span>ortaria 001/2024</a></td>\r\n<td style=\"text-align: justify; \">Disp\u00f5e sobre a concess\u00e3o de F\u00e9rias ao servidor da C\u00e2mara Municipal de Bananal TADEU DOS SANTOS NOGUEIRA.</td>\r\n<td style=\"text-align: center; \">04/01/2024</td>\r\n</tr>\r\n<tr>\r\n<td style=\"text-align: center; \"><a title=\"\" href=\"https://www.bananal.sp.leg.br/arquivos/portarias/2024/p-002-2024.pdf\" class=\"internal-link\" target=\"_blank\"><span>P</span>ortaria 002/2024</a></td>\r\n<td style=\"text-align: justify; \">Disp\u00f5e sobre a concess\u00e3o de F\u00e9rias ao servidor da C\u00e2mara Municipal de Bananal FLAVIANO HOTH DE BARROS.</td>\r\n<td style=\"text-align: center; \"><span>04/01/2024</span></td>\r\n</tr>\r\n<tr>\r\n<td style=\"text-align: center; \"><a title=\"\" href=\"https://www.bananal.sp.leg.br/arquivos/portarias/2024/p-003-2024.pdf\" class=\"internal-link\" target=\"_blank\"><span>P</span>ortaria 003/2024</a></td>\r\n<td style=\"text-align: justify; \">Disp\u00f5e sobre a concess\u00e3o de F\u00e9rias ao servidor da C\u00e2mara Municipal de Bananal FL\u00c1VIO CORR\u00caA COUTINHO.</td>\r\n<td style=\"text-align: center; \"><span>15/01/2024</span></td>\r\n</tr>\r\n<tr>\r\n<td style=\"text-align: center; \"><a title=\"\" href=\"https://www.bananal.sp.leg.br/arquivos/portarias/2024/p-004-2024.pdf\" class=\"internal-link\" target=\"_blank\"><span>P</span>ortaria 004/2024</a></td>\r\n<td style=\"text-align: justify; \">Disp\u00f5e sobre a concess\u00e3o de F\u00e9rias \u00e0 servidora da C\u00e2mara Municipal de Bananal SILVANA MARIA MEDEIROS.</td>\r\n<td style=\"text-align: center; \"><span>27/03/2024</span></td>\r\n</tr>\r\n<tr>\r\n<td style=\"text-align: center; \"><span><a title=\"\" href=\"https://www.bananal.sp.leg.br/arquivos/portarias/2024/p-005-2024.pdf\" class=\"internal-link\" target=\"_blank\">Portaria 005/2024</a></span></td>\r\n<td style=\"text-align: justify; \">Disp\u00f5e sobre a concess\u00e3o de Licen\u00e7a Pr\u00eamio \u00e0 servidora da C\u00e2mara Municipal de Bananal VILMA LIMA DE MIRANDA ALMEIDA.</td>\r\n<td style=\"text-align: center; \"><span><span>27/03/2024</span></span></td>\r\n</tr>\r\n<tr>\r\n<td style=\"text-align: center; \"><span><a title=\"\" href=\"https://www.bananal.sp.leg.br/arquivos/portarias/2024/p-006-2024.pdf\" class=\"internal-link\" target=\"_blank\">Portaria 006/2024</a></span></td>\r\n<td style=\"text-align: justify; \">Disp\u00f5e sobre a concess\u00e3o de F\u00e9rias ao servidor da C\u00e2mara Municipal de Bananal ELTON PEREIRA DE CARVALHO.</td>\r\n<td style=\"text-align: center; \"><span><span>16/05/2024</span></span></td>\r\n</tr>\r\n<tr>\r\n<td style=\"text-align: center; \"><span><a title=\"\" href=\"https://www.bananal.sp.leg.br/arquivos/portarias/2024/p-007-2024.pdf\" class=\"internal-link\" target=\"_blank\">Portaria 007/2024</a></span></td>\r\n<td style=\"text-align: justify; \">DISP\u00d5E SOBRE A EXONERA\u00c7\u00c3O DE SERVIDOR DO PODER LEGISLATIVO MUNICIPAL NA FORMA QUE ESPECIFICA.</td>\r\n<td style=\"text-align: center; \"><span><span>03/06/2024</span></span></td>\r\n</tr>\r\n<tr>\r\n<td style=\"text-align: center; \"><span><a title=\"\" href=\"https://www.bananal.sp.leg.br/arquivos/portarias/2024/p-008-2024.pdf\" class=\"internal-link\" target=\"_blank\">Portaria 008/2024</a></span></td>\r\n<td style=\"text-align: justify; \">DISP\u00d5E SOBRE A EXONERA\u00c7\u00c3O DE SERVIDOR DO PODER LEGISLATIVO MUNICIPAL NA FORMA QUE ESPECIFICA.</td>\r\n<td style=\"text-align: center; \">03/06/2024</td>\r\n</tr>\r\n<tr>\r\n<td style=\"text-align: center; \"><a title=\"\" href=\"https://www.bananal.sp.leg.br/arquivos/portarias/2024/p-009-2024.pdf\" class=\"internal-link\" target=\"_blank\">Portaria 009/2024</a></td>\r\n<td style=\"text-align: justify; \">Disp\u00f5e sobre a concess\u00e3o de F\u00e9rias \u00e0 servidora da C\u00e2mara Municipal de Bananal CRISTIANE DOS SANTOS SOARES.</td>\r\n<td style=\"text-align: center; \">06/06/2024</td>\r\n</tr>\r\n<tr>\r\n<td style=\"text-align: center; \"><a title=\"\" href=\"https://www.bananal.sp.leg.br/arquivos/portarias/2024/p-010-2024.pdf\" class=\"internal-link\" target=\"_blank\">Portaria 010/2024</a></td>\r\n<td style=\"text-align: justify; \">Disp\u00f5e sobre a concess\u00e3o de F\u00e9rias ao servidor da C\u00e2mara Municipal de Bananal RAFAEL ANDRADE SILVA.</td>\r\n<td style=\"text-align: center; \">01/08/2024</td>\r\n</tr>\r\n<tr>\r\n<td style=\"text-align: center; \"><a title=\"\" href=\"https://www.bananal.sp.leg.br/arquivos/portarias/2024/p-011-2024.pdf\" class=\"internal-link\" target=\"_blank\">Portaria 011/2024</a></td>\r\n<td style=\"text-align: justify; \">Designa Agente de Contrata\u00e7\u00e3o, Fiscal e Gestor de Contratos, na forma da Lei n\u00ba 14.133, de 2021, e d\u00e1 outras provid\u00eancias.</td>\r\n<td style=\"text-align: center; \">12/08/2024</td>\r\n</tr>\r\n<tr>\r\n<td style=\"text-align: center; \"><a title=\"\" href=\"https://www.bananal.sp.leg.br/arquivos/portarias/2024/p-012-2024.pdf\" class=\"internal-link\" target=\"_blank\"><span>P</span><span>ortaria 012/2024</span></a></td>\r\n<td style=\"text-align: justify; \">Disp\u00f5e sobre a concess\u00e3o de F\u00e9rias ao servidor da C\u00e2mara Municipal de Bananal FL\u00c1VIO CORR\u00caA COUTINHO.</td>\r\n<td style=\"text-align: center; \">27/08/2024</td>\r\n</tr>\r\n<tr>\r\n<td style=\"text-align: center; \"><a title=\"\" href=\"https://www.bananal.sp.leg.br/arquivos/portarias/2024/p-013-2024.pdf\" class=\"internal-link\" target=\"_blank\"><span>P</span><span>ortaria 013/2024</span></a></td>\r\n<td style=\"text-align: justify; \">Disp\u00f5e sobre a concess\u00e3o de F\u00e9rias ao servidor da C\u00e2mara Municipal de Bananal BRASILINO DE ANDRADE J\u00daNIOR.</td>\r\n<td style=\"text-align: center; \">27/08/2024</td>\r\n</tr>\r\n<tr>\r\n<td style=\"text-align: center; \"><a title=\"\" href=\"https://www.bananal.sp.leg.br/arquivos/portarias/2024/p-014-2024.pdf\" class=\"internal-link\" target=\"_blank\"><span>P</span>ortaria 014/2024</a></td>\r\n<td style=\"text-align: justify; \">Designa Agente de Contrata\u00e7\u00e3o, Fiscal e Gestor de Contratos, na forma da Lei n\u00ba 14.133, de 2021, e d\u00e1 outras provid\u00eancias.</td>\r\n<td style=\"text-align: center; \">11/10/2024</td>\r\n</tr>\r\n<tr>\r\n<td style=\"text-align: center; \"><span><a title=\"\" href=\"https://www.bananal.sp.leg.br/arquivos/portarias/2024/p-015-2024.pdf\" class=\"internal-link\" target=\"_blank\">Portaria 015/2024</a></span></td>\r\n<td style=\"text-align: justify; \">Designa Agente de Contrata\u00e7\u00e3o, Fiscal e Gestor de Contratos, na forma da Lei n\u00ba 14.133, de 2021, e d\u00e1 outras provid\u00eancias.</td>\r\n<td style=\"text-align: center; \">24/10/2024</td>\r\n</tr>\r\n</tbody>\r\n</table>\r\n<p>\u00a0</p>", "author_name": "", "version": "1.0", "author_url": "https://www.bananal.sp.leg.br/author/adm", "provider_name": "C\u00e2mara Municipal da Est\u00e2ncia Tur\u00edstica de Bananal", "type": "rich"}