{"provider_url": "https://www.bananal.sp.leg.br", "title": "Portarias 2025 - 2028", "html": "<table class=\"plain\">\r\n<tbody>\r\n<tr><th style=\"text-align: center; \">PORTARIAS</th><th style=\"text-align: center; \"><span>EMENTAS</span></th><th style=\"text-align: center; \"><span>DATA DA PUBLICA\u00c7\u00c3O</span></th></tr>\r\n<tr>\r\n<td style=\"text-align: center; \"><a title=\"\" href=\"https://www.bananal.sp.leg.br/arquivos/portarias/2025/p-001-2025.pdf\" class=\"internal-link\" target=\"_blank\">Portaria 001/2025</a></td>\r\n<td style=\"text-align: justify; \">Disp\u00f5e sobre a nomea\u00e7\u00e3o de servidor para movimentar conta banc\u00e1ria da C\u00e2mara Municipal da Est\u00e2ncia Tur\u00edstica de Bananal, e d\u00e1 outras provid\u00eancias.</td>\r\n<td style=\"text-align: center; \">06/01/2025</td>\r\n</tr>\r\n<tr>\r\n<td style=\"text-align: center; \"><span><a title=\"\" href=\"https://www.bananal.sp.leg.br/arquivos/portarias/2025/p-002-2025.pdf\" class=\"internal-link\" target=\"_blank\">Portaria 002/2025</a></span></td>\r\n<td style=\"text-align: justify; \">Disp\u00f5e sobre a nomea\u00e7\u00e3o para cargo em comiss\u00e3o de Assessor de Gabinete da Presid\u00eancia, e d\u00e1 outras provid\u00eancias.</td>\r\n<td style=\"text-align: center; \"><span>06/01/2025</span></td>\r\n</tr>\r\n<tr>\r\n<td style=\"text-align: center; \"><span><span><a title=\"\" href=\"https://www.bananal.sp.leg.br/arquivos/portarias/2025/p-003-2025.pdf\" class=\"internal-link\" target=\"_blank\">Portaria 003/2025</a></span></span></td>\r\n<td style=\"text-align: justify; \">Disp\u00f5e sobre a nomea\u00e7\u00e3o para cargo em comiss\u00e3o de Assessor Legislativo da Presid\u00eancia, e d\u00e1 outras provid\u00eancias.</td>\r\n<td style=\"text-align: center; \"><span>06/01/2025</span></td>\r\n</tr>\r\n<tr>\r\n<td style=\"text-align: center; \"><span><span><a title=\"\" href=\"https://www.bananal.sp.leg.br/arquivos/portarias/2025/p-004-2025.pdf\" class=\"internal-link\" target=\"_blank\">Portaria 004/2025</a></span></span></td>\r\n<td style=\"text-align: justify; \">Disp\u00f5e sobre a nomea\u00e7\u00e3o de servidor para exercer Fun\u00e7\u00e3o Gratificada de Controlador de Patrim\u00f4nio, e d\u00e1 outras provid\u00eancias.</td>\r\n<td style=\"text-align: center; \"><span>06/01/2025</span></td>\r\n</tr>\r\n<tr>\r\n<td style=\"text-align: center; \"><span><span><a title=\"\" href=\"https://www.bananal.sp.leg.br/arquivos/portarias/2025/p-005-2025.pdf\" class=\"internal-link\" target=\"_blank\">Portaria 005/2025</a></span></span></td>\r\n<td style=\"text-align: justify; \">Disp\u00f5e sobre a nomea\u00e7\u00e3o de servidor para exercer Fun\u00e7\u00e3o Gratificada de Coordenador de Compras, Licita\u00e7\u00f5es e Gest\u00e3o de Contratos, e d\u00e1 outras provid\u00eancias.</td>\r\n<td style=\"text-align: center; \"><span>06/01/2025</span></td>\r\n</tr>\r\n<tr>\r\n<td style=\"text-align: center; \"><span><span><a title=\"\" href=\"https://www.bananal.sp.leg.br/arquivos/portarias/2025/p-006-2025.pdf\" class=\"internal-link\" target=\"_blank\">Portaria 006/2025</a></span></span></td>\r\n<td style=\"text-align: justify; \">Disp\u00f5e sobre a nomea\u00e7\u00e3o de servidor para exercer Fun\u00e7\u00e3o Gratificada de Ouvidor, e d\u00e1 outras provid\u00eancias.</td>\r\n<td style=\"text-align: center; \"><span>06/01/2025</span></td>\r\n</tr>\r\n<tr>\r\n<td style=\"text-align: center; \"><span><span><a title=\"\" href=\"https://www.bananal.sp.leg.br/arquivos/portarias/2025/p-007-2025.pdf\" class=\"internal-link\" target=\"_blank\">Portaria 007/2025</a></span></span></td>\r\n<td style=\"text-align: justify; \">Disp\u00f5e sobre a nomea\u00e7\u00e3o de servidor para exercer Fun\u00e7\u00e3o Gratificada de Controlador de Almoxarifado, e d\u00e1 outras provid\u00eancias.</td>\r\n<td style=\"text-align: center; \"><span>06/01/2025</span></td>\r\n</tr>\r\n<tr>\r\n<td style=\"text-align: center; \"><span><span><a title=\"\" href=\"https://www.bananal.sp.leg.br/arquivos/portarias/2025/p-008-2025.pdf\" class=\"internal-link\" target=\"_blank\">Portaria 008/2025</a></span></span></td>\r\n<td style=\"text-align: justify; \">Disp\u00f5e sobre a concess\u00e3o de F\u00e9rias ao servidor da C\u00e2mara Municipal de Bananal FL\u00c1VIO CORR\u00caA COUTINHO.</td>\r\n<td style=\"text-align: center; \"><span>14/01/2025</span></td>\r\n</tr>\r\n<tr>\r\n<td style=\"text-align: center; \"><span><span><a title=\"\" href=\"https://www.bananal.sp.leg.br/arquivos/portarias/2025/p-009-2025.pdf\" class=\"internal-link\" target=\"_blank\">Portaria 009/2025</a></span></span></td>\r\n<td style=\"text-align: justify; \">Disp\u00f5e sobre a concess\u00e3o de F\u00e9rias ao servidor da C\u00e2mara Municipal de Bananal ELTON PEREIRA DE CARVALHO.</td>\r\n<td style=\"text-align: center; \"><span>07/03/2025</span></td>\r\n</tr>\r\n<tr>\r\n<td style=\"text-align: center; \"><a title=\"\" href=\"https://www.bananal.sp.leg.br/arquivos/portarias/2025/p-010-2025.pdf\" class=\"internal-link\" target=\"_blank\"><span>P</span><span>ortaria 010/2025</span></a></td>\r\n<td style=\"text-align: justify; \">Disp\u00f5e sobre a concess\u00e3o de F\u00e9rias \u00e0 servidora da C\u00e2mara Municipal de Bananal CRISTIANE DOS SANTOS SOARES.</td>\r\n<td style=\"text-align: center; \">03/04/2025</td>\r\n</tr>\r\n<tr>\r\n<td style=\"text-align: center; \"><a title=\"\" href=\"https://www.bananal.sp.leg.br/arquivos/portarias/2025/p-011-2025.pdf\" class=\"internal-link\" target=\"_blank\"><span>P</span><span>ortaria 011/2025</span></a></td>\r\n<td style=\"text-align: justify; \">Disp\u00f5e sobre a concess\u00e3o de F\u00e9rias ao servidor da C\u00e2mara Municipal de Bananal RAFAEL ANDRADE SILVA.</td>\r\n<td style=\"text-align: center; \">15/04/2025</td>\r\n</tr>\r\n<tr>\r\n<td style=\"text-align: center; \"><a title=\"\" href=\"https://www.bananal.sp.leg.br/arquivos/portarias/2025/p-012-2025.pdf\" class=\"internal-link\" target=\"_blank\"><span>P</span>ortaria 012/2025</a></td>\r\n<td style=\"text-align: justify; \">Disp\u00f5e sobre a concess\u00e3o de F\u00e9rias ao servidor da C\u00e2mara Municipal de Bananal BRASILINO DE ANDRADE J\u00daNIOR.</td>\r\n<td style=\"text-align: center; \">07/08/2025</td>\r\n</tr>\r\n<tr>\r\n<td style=\"text-align: center; \"><a title=\"\" href=\"https://www.bananal.sp.leg.br/arquivos/portarias/2025/p-013-2025.pdf\" class=\"internal-link\" target=\"_blank\"><span>P</span><span>ortaria 013/2025</span></a></td>\r\n<td style=\"text-align: justify; \">Designa Agente de Contrata\u00e7\u00e3o, Gestor e Fiscal de Contratos, na forma da Lei n\u00ba 14.133, de 2021, e d\u00e1 outras provid\u00eancias.</td>\r\n<td style=\"text-align: center; \">30/09/2025</td>\r\n</tr>\r\n<tr>\r\n<td style=\"text-align: center; \"><span><a title=\"\" href=\"https://www.bananal.sp.leg.br/arquivos/portarias/2025/p-014-2025.pdf\" class=\"internal-link\" target=\"_blank\">Portaria 014/2025</a></span></td>\r\n<td style=\"text-align: justify; \">Designa Agente de Contrata\u00e7\u00e3o, Gestor e Fiscal de Contratos, na forma da Lei n\u00ba 14.133, de 2021, e d\u00e1 outras provid\u00eancias.</td>\r\n<td style=\"text-align: center; \">18/11/2025</td>\r\n</tr>\r\n<tr>\r\n<td style=\"text-align: center; \"><span><span><a title=\"\" href=\"https://www.bananal.sp.leg.br/arquivos/portarias/2025/p-015-2025.pdf\" class=\"internal-link\" target=\"_blank\">Portaria 015/2025</a></span></span></td>\r\n<td style=\"text-align: justify; \">Disp\u00f5e sobre a concess\u00e3o de F\u00e9rias ao servidor da C\u00e2mara Municipal de Bananal BRASILINO DE ANDRADE J\u00daNIOR.</td>\r\n<td style=\"text-align: center; \">17/12/2025</td>\r\n</tr>\r\n<tr>\r\n<td style=\"text-align: center; \"><span><span><a title=\"\" href=\"https://www.bananal.sp.leg.br/arquivos/portarias/2025/p-016-2025.pdf\" class=\"internal-link\" target=\"_blank\">Portaria 016/2025</a></span></span></td>\r\n<td style=\"text-align: justify; \">Disp\u00f5e sobre a concess\u00e3o de F\u00e9rias ao servidor da C\u00e2mara Municipal de Bananal FLAVIANO HOTH DE BARROS.</td>\r\n<td style=\"text-align: center; \">17/12/2025</td>\r\n</tr>\r\n<tr>\r\n<td style=\"text-align: center; \"><span><span><a title=\"\" href=\"https://www.bananal.sp.leg.br/arquivos/portarias/2026/p-001-2026.pdf\" class=\"internal-link\" target=\"_blank\">Portaria 001/2026</a></span></span></td>\r\n<td style=\"text-align: justify; \">Disp\u00f5e sobre a exonera\u00e7\u00e3o de Fun\u00e7\u00e3o Gratificada de Controlador de Almoxarifado, e d\u00e1 outras provid\u00eancias.</td>\r\n<td style=\"text-align: center; \">05/01/2026</td>\r\n</tr>\r\n<tr>\r\n<td style=\"text-align: center; \"><span><span><span><a title=\"\" href=\"https://www.bananal.sp.leg.br/arquivos/portarias/2026/p-002-2026.pdf\" class=\"internal-link\" target=\"_blank\">Portaria 002/2026</a></span></span></span></td>\r\n<td style=\"text-align: justify; \">Disp\u00f5e sobre a concess\u00e3o de F\u00e9rias ao servidor da C\u00e2mara Municipal de Bananal FL\u00c1VIO CORR\u00caA COUTINHO.</td>\r\n<td style=\"text-align: center; \">15/01/2026</td>\r\n</tr>\r\n<tr>\r\n<td style=\"text-align: center; \"><span><span><span><a title=\"\" href=\"https://www.bananal.sp.leg.br/arquivos/portarias/2026/p-003-2026.pdf\" class=\"internal-link\" target=\"_blank\">Portaria 003/2026</a></span></span></span></td>\r\n<td style=\"text-align: justify; \">Disp\u00f5e sobre a concess\u00e3o de F\u00e9rias \u00e0 servidora da C\u00e2mara Municipal de Bananal CRISTIANE DOS SANTOS SOARES.</td>\r\n<td style=\"text-align: center; \">09/02/2026</td>\r\n</tr>\r\n</tbody>\r\n</table>\r\n<p>\u00a0</p>\r\n<div class=\"host-lopnbnfpjmgpbppclhclehhgafnifija\"></div>", "author_name": "", "version": "1.0", "author_url": "https://www.bananal.sp.leg.br/author/adm", "provider_name": "C\u00e2mara Municipal da Est\u00e2ncia Tur\u00edstica de Bananal", "type": "rich"}