{"provider_url": "https://www.bananal.sp.leg.br", "title": "Controle e Fiscaliza\u00e7\u00e3o do Executivo", "html": "<div id=\"ag-1728472574043\"></div>\r\n<table class=\"plain\">\r\n<tbody>\r\n<tr><th style=\"text-align: center; \">EXERC\u00cdCIO</th><th style=\"text-align: center; \">SITUA\u00c7\u00c3O</th><th style=\"text-align: center; \">DECRETO LEGISLATIVO</th><th style=\"text-align: center; \">SESS\u00c3O DE JULGAMENTO</th></tr>\r\n<tr>\r\n<td style=\"text-align: center; \"><strong>2014</strong></td>\r\n<td style=\"text-align: center; \">REJEITADAS</td>\r\n<td style=\"text-align: center; \"><a title=\"\" href=\"https://www.bananal.sp.leg.br/arquivos/decretos-legislativos/2017/dl-002-2017.pdf\" class=\"internal-link\" target=\"_blank\">Decreto Legislativo 002/2017</a></td>\r\n<td style=\"text-align: center; \">-</td>\r\n</tr>\r\n<tr>\r\n<td style=\"text-align: center; \"><strong>2015</strong></td>\r\n<td style=\"text-align: center; \"><span>REJEITADAS</span></td>\r\n<td style=\"text-align: center; \"><a title=\"\" href=\"https://www.bananal.sp.leg.br/arquivos/decretos-legislativos/2019/dl-001-2019.pdf\" class=\"internal-link\" target=\"_blank\">Decreto Legislativo 001/2019</a><a title=\"\" href=\"https://www.bananal.sp.leg.br/arquivos/decretos-legislativos/2017/dl-002-2017.pdf\" class=\"internal-link\" target=\"_blank\"></a></td>\r\n<td style=\"text-align: center; \">-</td>\r\n</tr>\r\n<tr>\r\n<td style=\"text-align: center; \"><strong>2017</strong><br /><a title=\"\" href=\"https://www.bananal.sp.leg.br/arquivos/tcs/tc-006626-989-16-4.pdf\" class=\"internal-link\" target=\"_blank\">TC-006626.989.16</a><strong></strong></td>\r\n<td style=\"text-align: center; \"><span>APROVADAS</span></td>\r\n<td style=\"text-align: center; \"><a title=\"\" href=\"https://www.bananal.sp.leg.br/arquivos/decretos-legislativos/2021/dl-001-2021.pdf\" class=\"internal-link\" target=\"_blank\">Decreto Legislativo 001/2021</a><a title=\"\" href=\"https://www.bananal.sp.leg.br/arquivos/decretos-legislativos/2017/dl-002-2017.pdf\" class=\"internal-link\" target=\"_blank\"></a></td>\r\n<td style=\"text-align: center; \"><a title=\"\" href=\"https://www.bananal.sp.leg.br/institucional/videos/sessoes-2021/1a-sessao-ordinaria-2021-2022\" class=\"external-link\" target=\"_self\">1\u00aa Sess\u00e3o Ordin\u00e1ria do 1\u00ba Bi\u00eanio - 2021/2024</a></td>\r\n</tr>\r\n<tr>\r\n<td style=\"text-align: center; \"><strong>2019</strong><br /><a title=\"\" href=\"https://www.bananal.sp.leg.br/arquivos/tcs/tc-00004724-989-19-9.pdf\" class=\"internal-link\" target=\"_blank\">TC-00004724.989.19-9</a><strong></strong></td>\r\n<td style=\"text-align: center; \"><span>APROVADAS</span></td>\r\n<td style=\"text-align: center; \"><a title=\"\" href=\"https://www.bananal.sp.leg.br/arquivos/decretos-legislativos/2023/dl-001-2023.pdf\" class=\"internal-link\" target=\"_blank\">Decreto Legislativo 001/2023</a><a title=\"\" href=\"https://www.bananal.sp.leg.br/arquivos/decretos-legislativos/2017/dl-002-2017.pdf\" class=\"internal-link\" target=\"_blank\"></a></td>\r\n<td style=\"text-align: center; \"><a title=\"\" href=\"https://www.bananal.sp.leg.br/institucional/videos/sessoes-2023/7a-sessao-ordinaria-do-2o-bienio-2021-2024/\" class=\"external-link\" target=\"_self\">7\u00aa Sess\u00e3o Ordin\u00e1ria do 2\u00ba Bi\u00eanio - 2021/2024</a></td>\r\n</tr>\r\n<tr>\r\n<td style=\"text-align: center; \"><strong>2020</strong><br /><a title=\"\" href=\"https://www.bananal.sp.leg.br/arquivos/tcs/tc-003072-989-20-5.pdf\" class=\"internal-link\" target=\"_blank\">TC-003072.989.20-5</a><strong></strong></td>\r\n<td style=\"text-align: center; \"><span>APROVADAS</span></td>\r\n<td style=\"text-align: center; \"><a title=\"\" href=\"https://www.bananal.sp.leg.br/arquivos/decretos-legislativos/2023/dl-022-2023.pdf\" class=\"internal-link\" target=\"_blank\">Decreto Legislativo 022/2023</a><a title=\"\" href=\"https://www.bananal.sp.leg.br/arquivos/decretos-legislativos/2017/dl-002-2017.pdf\" class=\"internal-link\" target=\"_blank\"></a></td>\r\n<td style=\"text-align: center; \"><a title=\"\" href=\"https://www.bananal.sp.leg.br/institucional/videos/sessoes-2023/19a-sessao-ordinaria-do-2o-bienio-2021-2024\" class=\"external-link\" target=\"_self\">19\u00aa Sess\u00e3o Ordin\u00e1ria do 2\u00ba Bi\u00eanio - 2021/2024</a></td>\r\n</tr>\r\n<tr>\r\n<td style=\"text-align: center; \"><strong><strong>2021</strong><br /></strong><a title=\"\" href=\"https://www.bananal.sp.leg.br/arquivos/tcs/tc-007055-989-20-6.pdf\" class=\"internal-link\" target=\"_blank\">TC-007055.989.20-6</a><strong></strong></td>\r\n<td style=\"text-align: center; \"><span>APROVADAS</span></td>\r\n<td style=\"text-align: center; \"><a title=\"\" href=\"https://www.bananal.sp.leg.br/arquivos/decretos-legislativos/2024/dl-001-2024.pdf\" class=\"internal-link\" target=\"_blank\">Decreto Legislativo 001/2024</a><a title=\"\" href=\"https://www.bananal.sp.leg.br/arquivos/decretos-legislativos/2017/dl-002-2017.pdf\" class=\"internal-link\" target=\"_blank\"></a></td>\r\n<td style=\"text-align: center; \"><a title=\"\" href=\"https://www.bananal.sp.leg.br/institucional/videos/sessoes-2024/21a-sessao-ordinaria-do-2o-bienio-2021-2024\" class=\"external-link\" target=\"_self\">21\u00aa Sess\u00e3o Ordin\u00e1ria do 2\u00ba Bi\u00eanio - 2021/2024</a></td>\r\n</tr>\r\n<tr>\r\n<td style=\"text-align: center; \"><strong>2023</strong><br /><a title=\"\" href=\"https://www.bananal.sp.leg.br/arquivos/tcs/tc-004296-989-23-9.pdf\" class=\"internal-link\" target=\"_blank\">TC-004296.989.23-9</a><strong></strong></td>\r\n<td style=\"text-align: center; \"><span>APROVADAS</span></td>\r\n<td style=\"text-align: center; \"><a title=\"\" href=\"https://www.bananal.sp.leg.br/arquivos/decretos-legislativos/2025/dl-001-2026.pdf\" class=\"internal-link\" target=\"_blank\">Decreto Legislativo 001/2026</a><a title=\"\" href=\"https://www.bananal.sp.leg.br/arquivos/decretos-legislativos/2017/dl-002-2017.pdf\" class=\"internal-link\" target=\"_blank\"></a></td>\r\n<td style=\"text-align: center; \"><a title=\"\" href=\"https://www.bananal.sp.leg.br/institucional/videos/sessoes-2026/24a-sessao-ordinaria-do-1o-bienio-2025-2028/\" class=\"external-link\" target=\"_self\">24\u00aa Sess\u00e3o Ordin\u00e1ria do 1\u00ba Bi\u00eanio - 2025/2028</a></td>\r\n</tr>\r\n</tbody>\r\n</table>", "author_name": "Interlegis", "version": "1.0", "author_url": "https://www.bananal.sp.leg.br/author/Interlegis", "provider_name": "C\u00e2mara Municipal da Est\u00e2ncia Tur\u00edstica de Bananal", "type": "rich"}