{"provider_url": "https://www.bananal.sp.leg.br", "title": "Bens Im\u00f3veis e Ve\u00edculos", "html": "<h2>Im\u00f3veis</h2>\r\n<table class=\"plain\">\r\n<tbody>\r\n<tr><th style=\"text-align: center; \">Im\u00f3vel</th><th style=\"text-align: center; \">Descri\u00e7\u00e3o</th><th style=\"text-align: center; \">Endere\u00e7o</th><th style=\"text-align: center; \">Locado ou pr\u00f3prio</th></tr>\r\n</tbody>\r\n</table>\r\n<p>\u00a0</p>\r\n<h2>Ve\u00edculos</h2>\r\n<table class=\"plain\">\r\n<tbody>\r\n<tr><th style=\"text-align: center; \"><span>Marca</span></th><th style=\"text-align: center; \"><span>Modelo</span></th><th style=\"text-align: center; \"><span>Ano/Modelo</span></th><th style=\"text-align: center; \"><span>Placa</span></th><th style=\"text-align: center; \"><span>Locado ou Pr\u00f3prio</span></th></tr>\r\n<tr>\r\n<td style=\"text-align: center; \">Honda</td>\r\n<td style=\"text-align: center; \">Civic EX CVT</td>\r\n<td style=\"text-align: center; \">2018/2018</td>\r\n<td style=\"text-align: center; \">GAP2309</td>\r\n<td style=\"text-align: center; \">Pr\u00f3prio</td>\r\n</tr>\r\n</tbody>\r\n</table>", "author_name": "Interlegis", "version": "1.0", "author_url": "https://www.bananal.sp.leg.br/author/Interlegis", "provider_name": "C\u00e2mara Municipal da Est\u00e2ncia Tur\u00edstica de Bananal", "type": "rich"}