{"provider_url": "https://www.bananal.sp.leg.br", "title": "2022", "html": "<table class=\"plain\">\r\n<tbody>\r\n<tr><th style=\"text-align: center; \"><strong>VIAGENS REALIZADAS PELOS PARLAMENTARES NO ANO DE 2022</strong></th></tr>\r\n<tr>\r\n<td style=\"text-align: justify; \">\r\n<p><strong>CIDADE/UF:</strong>\u00a0Cruzeiro/SP</p>\r\n<p><strong>LOCAL:</strong>\u00a0Recanto de Exposi\u00e7\u00f5es</p>\r\n<p><strong>PARTIDA:</strong>\u00a022/01/2022 \u00e0s 8:00h.</p>\r\n<p><strong>CHEGADA:</strong>\u00a022/01/2022 \u00e0s 18:00h.</p>\r\n<p><strong>PARLAMENTAR:</strong>\u00a0Erika Tereza Coitinho Affonso</p>\r\n<p><strong>DESPESAS COM ALIMENTA\u00c7\u00c3O:</strong>\u00a0R$ 17,60</p>\r\n<p><strong>FINALIDADE DA VIAGEM:</strong>\u00a0Solenidade Fundamental (Lan\u00e7amento da Pedra Fundamental).</p>\r\n</td>\r\n</tr>\r\n<tr>\r\n<td style=\"text-align: justify; \">\r\n<p><strong>CIDADE/UF:\u00a0</strong>Cruzeiro/SP</p>\r\n<p><strong>LOCAL:</strong>\u00a0SENAI</p>\r\n<p><strong>PARTIDA:</strong>\u00a031/01/2022 \u00e0s 11:30h.</p>\r\n<p><strong>CHEGADA:</strong>\u00a031/01/2022 \u00e0s 21:30h.</p>\r\n<p><strong>PARLAMENTAR:</strong>\u00a0Erika Tereza Coitinho Affonso</p>\r\n<p><strong>DESPESAS COM ALIMENTA\u00c7\u00c3O:</strong>\u00a0R$ 80,17</p>\r\n<p><strong>FINALIDADE DA VIAGEM:</strong>\u00a0Participar de Audi\u00eancia P\u00fablica PDUI.</p>\r\n</td>\r\n</tr>\r\n<tr>\r\n<td style=\"text-align: justify; \">\r\n<p><strong>CIDADE/UF:</strong>\u00a0Cruzeiro/SP</p>\r\n<p><strong>LOCAL:</strong>\u00a0Delegacia da Pol\u00edcia Federal</p>\r\n<p><strong>PARTIDA:</strong>\u00a015/02/2022 \u00e0s 11:00h.</p>\r\n<p><strong>CHEGADA:</strong>\u00a015/02/2022 \u00e0s 18:00h.</p>\r\n<p><strong>PARLAMENTAR:</strong>\u00a0Erika Tereza Coitinho Affonso</p>\r\n<p><strong>DESPESAS COM ALIMENTA\u00c7\u00c3O:</strong>\u00a0R$ 36,90</p>\r\n<p><strong>FINALIDADE DA VIAGEM:</strong>\u00a0<span>Prestar esclarecimentos.</span></p>\r\n</td>\r\n</tr>\r\n<tr>\r\n<td style=\"text-align: justify; \">\r\n<p><strong>CIDADE/UF:\u00a0</strong>S\u00e3o Paulo/SP</p>\r\n<p><strong>LOCAL:</strong>\u00a0Rua Estados Unidos, 49 (Escrit\u00f3rio Pol\u00edtico)</p>\r\n<p><strong>PARTIDA:</strong>\u00a016/02/2022 \u00e0s 8:00h.</p>\r\n<p><strong>CHEGADA:</strong>\u00a016/02/2022 \u00e0s 22:40h.</p>\r\n<p><strong>PARLAMENTAR:</strong>\u00a0Jose Ricardo Rodrigues Leite Junior</p>\r\n<p><strong>DESPESAS COM ALIMENTA\u00c7\u00c3O:</strong>\u00a0R$ 140,30</p>\r\n<p><strong>FINALIDADE DA VIAGEM:</strong>\u00a0Participar de reuni\u00e3o com Deputado Estadual Campos Machado com a finalidade de buscar Emendas para o munic\u00edpio.</p>\r\n</td>\r\n</tr>\r\n<tr>\r\n<td style=\"text-align: justify; \">\r\n<p><strong>CIDADE/UF:\u00a0</strong>Itaquaquecetuba/SP</p>\r\n<p><strong>LOCAL:</strong>\u00a0Secretaria Estadual de Servi\u00e7os Urbanos</p>\r\n<p><strong>PARTIDA:</strong>\u00a024/02/2022 \u00e0s 10:00h.</p>\r\n<p><strong>CHEGADA:</strong>\u00a024/02/2022 \u00e0s 21:30h.</p>\r\n<p><strong>PARLAMENTAR:</strong>\u00a0Angela Cristina Fontes Silva</p>\r\n<p><strong>DESPESAS COM ALIMENTA\u00c7\u00c3O:</strong>\u00a0R$ 35,90</p>\r\n<p><strong>FINALIDADE DA VIAGEM:</strong>\u00a0Recebimento simb\u00f3lico da m\u00e1quina p\u00e1 carregadeira das m\u00e3os do Deputado Federal Marcos Pereira.</p>\r\n</td>\r\n</tr>\r\n<tr>\r\n<td style=\"text-align: justify; \">\r\n<p><strong>CIDADE/UF:\u00a0</strong>Lorena/SP</p>\r\n<p><strong>LOCAL:</strong>\u00a0Eco Vale Shopping</p>\r\n<p><strong>PARTIDA:</strong>\u00a025/02/2022 \u00e0s 11:00h.</p>\r\n<p><strong>CHEGADA:</strong>\u00a025/02/2022 \u00e0s 21:30h.</p>\r\n<p><strong>PARLAMENTAR:</strong>\u00a0Erika Tereza Coitinho Affonso</p>\r\n<p><strong>DESPESAS COM ALIMENTA\u00c7\u00c3O:</strong>\u00a0R$ 86,00</p>\r\n<p><strong>FINALIDADE DA VIAGEM:</strong>\u00a0Inaugura\u00e7\u00e3o do Poupatempo, a Casa da Juventude, assinatura de autoriza\u00e7\u00e3o para infraestrutura urbana.</p>\r\n</td>\r\n</tr>\r\n<tr>\r\n<td style=\"text-align: justify; \">\r\n<p><strong>CIDADE/UF:\u00a0</strong>S\u00e3o Paulo/SP</p>\r\n<p><strong>LOCAL:</strong>\u00a0Pal\u00e1cio dos Bandeirantes</p>\r\n<p><strong>PARTIDA:</strong>\u00a004/03/2022 \u00e0s 6:30h.</p>\r\n<p><strong>CHEGADA:</strong>\u00a005/03/2022 \u00e0s 1:30h.</p>\r\n<p><strong>PARLAMENTAR:</strong>\u00a0Erika Tereza Coitinho Affonso</p>\r\n<p><strong>DESPESAS COM ALIMENTA\u00c7\u00c3O:</strong>\u00a0R$\u00a071,10</p>\r\n<p><strong>FINALIDADE DA VIAGEM:</strong>\u00a0Reuni\u00e3o com o Secret\u00e1rio de Desenvolvimento Regional do Estado de S\u00e3o Paulo.</p>\r\n</td>\r\n</tr>\r\n<tr>\r\n<td style=\"text-align: justify; \">\r\n<p><strong>CIDADE/UF:\u00a0</strong>S\u00e3o Paulo/SP</p>\r\n<p><strong>LOCAL:</strong>\u00a0Secretaria de Turismo e Pal\u00e1cio dos Bandeirantes</p>\r\n<p><strong>PARTIDA:</strong>\u00a016/03/2022 \u00e0s 5:30h.</p>\r\n<p><strong>CHEGADA:</strong>\u00a0<span>16/03/2022 \u00e0s 23:30h.</span></p>\r\n<p><strong>PARLAMENTAR:</strong>\u00a0Matilde Nassif Koury</p>\r\n<p><strong>DESPESAS COM ALIMENTA\u00c7\u00c3O:</strong>\u00a0R$\u00a084,73</p>\r\n<p><strong>FINALIDADE DA VIAGEM:</strong>\u00a0Reuni\u00e3o com o Secret\u00e1rio de Turismo, buscar ve\u00edculo da Defesa Civil.</p>\r\n</td>\r\n</tr>\r\n<tr>\r\n<td style=\"text-align: justify; \">\r\n<p><strong>CIDADE/UF:\u00a0</strong>S\u00e3o Paulo/SP</p>\r\n<p><strong>LOCAL:</strong>\u00a0ALESP</p>\r\n<p><strong>PARTIDA:</strong>\u00a022/03/2022 \u00e0s 4:30h.</p>\r\n<p><strong>CHEGADA:</strong>\u00a022/03/2022 \u00e0s\u00a023:00h.</p>\r\n<p><strong>PARLAMENTAR:</strong>\u00a0Luiz Cosme Martins de Souza</p>\r\n<p><strong>DESPESAS COM ALIMENTA\u00c7\u00c3O:</strong>\u00a0R$\u00a098,90</p>\r\n<p><strong>FINALIDADE DA VIAGEM:</strong>\u00a0Buscar Emendas com Deputado Sebasti\u00e3o Santos (REPUBLICANOS) e Deputado Edson Giriboni (PV).</p>\r\n</td>\r\n</tr>\r\n<tr>\r\n<td style=\"text-align: justify; \">\r\n<p><strong>CIDADE/UF:\u00a0</strong>S\u00e3o Jos\u00e9 dos Campos/SP</p>\r\n<p><strong>LOCAL:</strong>\u00a0Parque Tecnol\u00f3gico</p>\r\n<p><strong>PARTIDA:</strong>\u00a023/03/2022 \u00e0s 9:00h.</p>\r\n<p><strong>CHEGADA:</strong>\u00a023/03/2022 \u00e0s 22:30h.</p>\r\n<p><strong>PARLAMENTAR:</strong>\u00a0Erika Tereza Coitinho Affonso</p>\r\n<p><strong>DESPESAS COM ALIMENTA\u00c7\u00c3O:</strong>\u00a0R$\u00a059,00</p>\r\n<p><strong>FINALIDADE DA VIAGEM:</strong>\u00a0Entrega de viatura do Programa Seguran\u00e7a no Campo.</p>\r\n</td>\r\n</tr>\r\n<tr>\r\n<td style=\"text-align: justify; \">\r\n<p><strong>CIDADE/UF:\u00a0</strong>S\u00e3o Paulo/SP</p>\r\n<p><strong>LOCAL:</strong>\u00a0DER e ALESP</p>\r\n<p><strong>PARTIDA:</strong>\u00a029/03/2022 \u00e0s 6:00h.</p>\r\n<p><strong>CHEGADA:</strong>\u00a029/03/2022 \u00e0s 23:30h.</p>\r\n<p><strong>PARLAMENTAR:</strong>\u00a0Matilde Nassif Koury</p>\r\n<p><strong>DESPESAS COM ALIMENTA\u00c7\u00c3O:</strong>\u00a0R$\u00a081,00</p>\r\n<p><strong>FINALIDADE DA VIAGEM:</strong>\u00a0Reuni\u00e3o e fazer pedido de Emendas Parlamentares.</p>\r\n</td>\r\n</tr>\r\n<tr>\r\n<td style=\"text-align: justify; \">\r\n<p><strong>CIDADE/UF:\u00a0</strong>Campos do Jord\u00e3o/SP</p>\r\n<p><strong>LOCAL:</strong>\u00a0Centro de Eventos</p>\r\n<p><strong>PARTIDA:</strong>\u00a030/03/2022 \u00e0s 4:30h.</p>\r\n<p><strong>CHEGADA:</strong>\u00a030/03/2022 \u00e0s 23:30h.</p>\r\n<p><strong>PARLAMENTAR:</strong>\u00a0Erika Tereza Coitinho Affonso</p>\r\n<p><strong>DESPESAS COM ALIMENTA\u00c7\u00c3O:</strong>\u00a0R$\u00a0120,80</p>\r\n<p><strong>FINALIDADE DA VIAGEM:</strong>\u00a064.\u00ba CEM \u2013 Congresso Estadual de Munic\u00edpios.</p>\r\n</td>\r\n</tr>\r\n<tr>\r\n<td style=\"text-align: justify; \">\r\n<p><strong>CIDADE/UF:\u00a0</strong>S\u00e3o Paulo/SP</p>\r\n<p><strong>LOCAL:</strong>\u00a0Pal\u00e1cio dos Bandeirantes</p>\r\n<p><strong>PARTIDA:</strong>\u00a031/03/2022 \u00e0s 8:00h.</p>\r\n<p><strong>CHEGADA:</strong>\u00a001/04/2022 \u00e0s 2:30h.</p>\r\n<p><strong>PARLAMENTAR:</strong>\u00a0Erika Tereza Coitinho Affonso</p>\r\n<p><strong>DESPESAS COM ALIMENTA\u00c7\u00c3O:</strong>\u00a0R$\u00a0124,60</p>\r\n<p><strong>FINALIDADE DA VIAGEM:</strong>\u00a0Semin\u00e1rio Municipalista e encerramento do 64.\u00ba Congresso Estadual de Munic\u00edpios.</p>\r\n</td>\r\n</tr>\r\n<tr>\r\n<td style=\"text-align: justify; \">\r\n<p><strong>CIDADE/UF:\u00a0</strong>S\u00e3o Jos\u00e9 dos Campos/SP,\u00a0<span>Ca\u00e7apava/SP e\u00a0</span><span>Lorena/SP</span></p>\r\n<p><strong>LOCAL:</strong>\u00a0<span>Sede da IVS, C\u00e2mara de Ca\u00e7apava, C\u00e2mara de Ca\u00e7apava e C\u00e2mara de Lorena</span></p>\r\n<p><strong>PARTIDA:</strong>\u00a0<span>05/04/2022 \u00e0s 10:00h.</span></p>\r\n<p><strong>CHEGADA:</strong>\u00a0<span>06/04/2022 \u00e0s 0:30h.</span></p>\r\n<p><strong>PARLAMENTAR:</strong>\u00a0<span>Erika Tereza Coitinho Affonso</span></p>\r\n<p><strong>DESPESAS COM ALIMENTA\u00c7\u00c3O:</strong>\u00a0R$\u00a0<span>117,05</span></p>\r\n<p><strong>PARLAMENTAR:</strong>\u00a0Victor Zoccola Amorim</p>\r\n<p><strong>DESPESAS COM ALIMENTA\u00c7\u00c3O:</strong>\u00a0R$\u00a0129,60</p>\r\n<p><strong>FINALIDADE DA VIAGEM:</strong><span>\u00a0Visita \u00e0 sede da IVS Base em S\u00e3o Jos\u00e9 dos Campos. Em Ca\u00e7apava, reuni\u00e3o com o Vereador Adilson e M\u00e1rio S\u00e1 para tratar de assuntos relacionados ao poupa tempo avan\u00e7ado e carreta da mamografia. E em Lorena, reuni\u00e3o com o Presidente do Parlamento Regional.</span></p>\r\n</td>\r\n</tr>\r\n<tr>\r\n<td style=\"text-align: justify; \">\r\n<p><strong>CIDADE/UF:\u00a0</strong>S\u00e3o Paulo/SP</p>\r\n<p><strong>LOCAL:</strong>\u00a0Pal\u00e1cio dos Bandeirantes com o Sr. Claudio</p>\r\n<p><strong>PARTIDA:</strong>\u00a013/04/2022 \u00e0s 4:00h.</p>\r\n<p><strong>CHEGADA:</strong>\u00a014/04/2022 \u00e0s 1:30h.</p>\r\n<p><strong>PARLAMENTAR:</strong>\u00a0Erika Tereza Coitinho Affonso</p>\r\n<p><strong>DESPESAS COM ALIMENTA\u00c7\u00c3O:</strong>\u00a0R$ 135,95</p>\r\n<p><strong>FINALIDADE DA VIAGEM:</strong>\u00a0Participar de reuni\u00e3o para tratar da vinda do Pet Container e reuni\u00e3o com o assessor do Governador, Fernando Galv\u00e3o, para tratar da libera\u00e7\u00e3o de parque infantil para os bairros da cidade.</p>\r\n</td>\r\n</tr>\r\n<tr>\r\n<td style=\"text-align: justify; \">\r\n<p><strong>CIDADE/UF:\u00a0</strong>S\u00e3o Paulo/SP</p>\r\n<p><strong>LOCAL:</strong>\u00a0Pal\u00e1cio dos Bandeirantes</p>\r\n<p><strong>PARTIDA:</strong>\u00a026/04/2022 \u00e0s 9:00h.</p>\r\n<p><strong>CHEGADA:</strong>\u00a027/04/2022 \u00e0s 0:30h.</p>\r\n<p><strong>PARLAMENTAR:</strong>\u00a0Erika Tereza Coitinho Affonso</p>\r\n<p><strong>DESPESAS COM ALIMENTA\u00c7\u00c3O:</strong>\u00a0R$ 106,22</p>\r\n<p><strong>FINALIDADE DA VIAGEM:</strong>\u00a0Reuni\u00e3o com o assessor do Governador Rodrigo Garcia, para tratar de assuntos de interesse do munic\u00edpio.</p>\r\n</td>\r\n</tr>\r\n<tr>\r\n<td style=\"text-align: justify; \">\r\n<p><strong>CIDADE/UF:\u00a0</strong>Taubat\u00e9/SP e\u00a0S\u00e3o Paulo/SP</p>\r\n<p><strong>LOCAL:</strong>\u00a0C\u00e2mara Municipal de Taubat\u00e9 e ALESP</p>\r\n<p><strong>PARTIDA:</strong>\u00a003/05/2022 \u00e0s 6:00h.</p>\r\n<p><strong>CHEGADA:</strong>\u00a004/05/2022 \u00e0s 0:15h.</p>\r\n<p><strong>PARLAMENTAR:</strong>\u00a0Erika Tereza Coitinho Affonso</p>\r\n<p><strong>DESPESAS COM ALIMENTA\u00c7\u00c3O:</strong>\u00a0R$ 102,00</p>\r\n<p><strong>FINALIDADE DA VIAGEM:</strong>\u00a0Reuni\u00e3o do Parlamento Regional em Taubat\u00e9 e reuni\u00e3o com o Deputado Estadual Rodrigo Gambale para solicitar equipamentos para o esporte.</p>\r\n</td>\r\n</tr>\r\n<tr>\r\n<td style=\"text-align: justify; \">\r\n<p><strong>CIDADE/UF:\u00a0</strong>S\u00e3o Paulo/SP</p>\r\n<p><strong>LOCAL:</strong>\u00a0Pal\u00e1cio dos Bandeirantes</p>\r\n<p><strong>PARTIDA:</strong>\u00a010/05/2022 \u00e0s 5:00h.</p>\r\n<p><strong>CHEGADA:</strong>\u00a011/05/2022 \u00e0s 0:30h.</p>\r\n<p><strong>PARLAMENTAR:</strong>\u00a0Victor Zoccola Amorim</p>\r\n<p><strong>DESPESAS COM ALIMENTA\u00c7\u00c3O:</strong>\u00a0R$ 138,50</p>\r\n<p><strong>PARLAMENTAR:</strong>\u00a0Jose Ricardo Rodrigues Leite Junior</p>\r\n<p><strong>DESPESAS COM ALIMENTA\u00c7\u00c3O:</strong>\u00a0R$ 0,00</p>\r\n<p><strong>PARLAMENTAR:</strong>\u00a0Erika Tereza Coitinho Affonso</p>\r\n<p><strong>DESPESAS COM ALIMENTA\u00c7\u00c3O:</strong>\u00a0R$ 110,97</p>\r\n<p><strong>FINALIDADE DA VIAGEM:</strong>\u00a0Solicitar recursos para o munic\u00edpio.</p>\r\n</td>\r\n</tr>\r\n<tr>\r\n<td style=\"text-align: justify; \">\r\n<p><strong>CIDADE/UF:\u00a0</strong>S\u00e3o Paulo/SP</p>\r\n<p><strong>LOCAL:</strong>\u00a0Hotel Novotel - SP e ALESP</p>\r\n<p><strong>PARTIDA:</strong>\u00a012/05/2022 \u00e0s 8:00h.</p>\r\n<p><strong>CHEGADA:</strong>\u00a012/05/2022 \u00e0s 23:30h.</p>\r\n<p><strong>PARLAMENTAR:</strong>\u00a0Jose Ricardo Rodrigues Leite Junior</p>\r\n<p><strong>DESPESAS COM ALIMENTA\u00c7\u00c3O:</strong>\u00a0R$ 123,50</p>\r\n<p><strong>FINALIDADE DA VIAGEM:</strong>\u00a0Reuni\u00e3o com Ministro Antonio Carlos e Deputado Estadual Marcos Damasio para tratar de assuntos de interesse do munic\u00edpio.</p>\r\n</td>\r\n</tr>\r\n<tr>\r\n<td style=\"text-align: justify; \">\r\n<p><strong>CIDADE/UF:\u00a0</strong>S\u00e3o Paulo/SP</p>\r\n<p><strong>LOCAL:</strong>\u00a0Pal\u00e1cio dos Bandeirantes</p>\r\n<p><strong>PARTIDA:</strong>\u00a017/05/2022 \u00e0s 5:30h.</p>\r\n<p><strong>CHEGADA:</strong>\u00a017/05/2022 \u00e0s 23:00h.</p>\r\n<p><strong>PARLAMENTAR:</strong>\u00a0Erika Tereza Coitinho Affonso</p>\r\n<p><strong>DESPESAS COM ALIMENTA\u00c7\u00c3O:</strong>\u00a0R$ 100,50</p>\r\n<p><strong>FINALIDADE DA VIAGEM:</strong>\u00a0Reuni\u00e3o dos Presidentes dos Parlamentos Regionais com o Governador Rodrigo Garcia.</p>\r\n</td>\r\n</tr>\r\n<tr>\r\n<td style=\"text-align: justify; \">\r\n<p><strong>CIDADE/UF:\u00a0</strong>Campos do Jord\u00e3o/SP</p>\r\n<p><strong>LOCAL:</strong>\u00a0C\u00e2mara Municipal de Campos do Jord\u00e3o</p>\r\n<p><strong>PARTIDA:</strong>\u00a018/05/2022 \u00e0s 5:00h.</p>\r\n<p><strong>CHEGADA:</strong>\u00a018/05/2022 \u00e0s 17:00h.</p>\r\n<p><strong>PARLAMENTAR:</strong>\u00a0Erika Tereza Coitinho Affonso</p>\r\n<p><strong>DESPESAS COM ALIMENTA\u00c7\u00c3O:</strong>\u00a0R$ 91,90</p>\r\n<p><strong>FINALIDADE DA VIAGEM:</strong>\u00a0Palestra sobre a nova Lei de Improbidade Administrativa.</p>\r\n</td>\r\n</tr>\r\n<tr>\r\n<td style=\"text-align: justify; \">\r\n<p><strong>CIDADE/UF:\u00a0</strong>Mogi das Cruzes/SP</p>\r\n<p><strong>LOCAL:</strong>\u00a0-</p>\r\n<p><strong>PARTIDA:</strong>\u00a024/05/2022 \u00e0s 6:00h.</p>\r\n<p><strong>CHEGADA:</strong>\u00a024/05/2022 \u00e0s 20:00h.</p>\r\n<p><strong>PARLAMENTAR:</strong>\u00a0Osvaldo Ferreira</p>\r\n<p><strong>DESPESAS COM ALIMENTA\u00c7\u00c3O:</strong>\u00a0R$ 129,40</p>\r\n<p><strong>PARLAMENTAR:</strong>\u00a0Matilde Nassif Koury</p>\r\n<p><strong>DESPESAS COM ALIMENTA\u00c7\u00c3O:</strong>\u00a0R$ 132,24</p>\r\n<p><strong>FINALIDADE DA VIAGEM:</strong>\u00a0Receber uma van para transporte de pacientes, fruto de um pedido ao Deputado Marcos Damasio.</p>\r\n</td>\r\n</tr>\r\n<tr>\r\n<td style=\"text-align: justify; \">\r\n<p><strong>CIDADE/UF:\u00a0</strong>Guaratinguet\u00e1/SP</p>\r\n<p><strong>LOCAL:</strong>\u00a0C\u00e2mara Municipal de Guaratinguet\u00e1</p>\r\n<p><strong>PARTIDA:</strong>\u00a026/05/2022 \u00e0s 13:00h.</p>\r\n<p><strong>CHEGADA:</strong>\u00a026/05/2022 \u00e0s 21:00h.</p>\r\n<p><strong>PARLAMENTAR:</strong>\u00a0Erika Tereza Coitinho Affonso</p>\r\n<p><strong>DESPESAS COM ALIMENTA\u00c7\u00c3O:</strong>\u00a0R$ 0,00</p>\r\n<p><strong>FINALIDADE DA VIAGEM:</strong>\u00a0Reuni\u00e3o com os Vereadores do Parlamento Regional para tratar do \u201cPrograma de Mutir\u00e3o de Cirurgias no Vale do Para\u00edba\u201d, uma parceria com o Governo do Estado e Parlamento Regional.</p>\r\n</td>\r\n</tr>\r\n<tr>\r\n<td style=\"text-align: justify; \">\r\n<p><strong>CIDADE/UF:\u00a0</strong>Bras\u00edlia-DF</p>\r\n<p><strong>LOCAL:</strong>\u00a0-</p>\r\n<p><strong>PARTIDA:</strong>\u00a030/05/2022</p>\r\n<p><strong>CHEGADA:</strong>\u00a002/06/2022</p>\r\n<p><strong>PARLAMENTAR:</strong>\u00a0Luiz Cosme Martins de Souza</p>\r\n<p><strong>DESPESAS COM ALIMENTA\u00c7\u00c3O:</strong>\u00a0R$\u00a0379,59</p>\r\n<p><strong>DESPESAS COM HOSPEDAGEM:</strong>\u00a0R$ 1.203,75</p>\r\n<p><strong>PARLAMENTAR:</strong>\u00a0Angela Cristina Fontes Silva</p>\r\n<p><strong>DESPESAS COM ALIMENTA\u00c7\u00c3O:</strong>\u00a0R$\u00a0303,48</p>\r\n<p><strong>DESPESAS COM HOSPEDAGEM:</strong>\u00a0R$ 1.097,71</p>\r\n<p><strong>FINALIDADE DA VIAGEM:</strong>\u00a0Reivindicar necessidades do munic\u00edpio de Bananal no gabinete do Deputado Marcos Pereira (REPUBLICANOS), tratar de assuntos pertinentes ao munic\u00edpio de Bananal na Confedera\u00e7\u00e3o Nacional de Munic\u00edpios \u2013 CNM e reuni\u00e3o no gabinete do Deputado Marco Bertaiolli, para tratar de assunto de interesse do munic\u00edpio de Bananal.</p>\r\n</td>\r\n</tr>\r\n<tr>\r\n<td style=\"text-align: justify; \">\r\n<p><strong>CIDADE/UF:\u00a0</strong>S\u00e3o Jos\u00e9 dos Campos/SP</p>\r\n<p><strong>LOCAL:</strong>\u00a0Centro de Forma\u00e7\u00e3o do Educador (CEFE)</p>\r\n<p><strong>PARTIDA:</strong>\u00a006/06/2022 \u00e0s 5:30h.</p>\r\n<p><strong>CHEGADA:</strong>\u00a006/06/2022 \u00e0s 19:00h.</p>\r\n<p><strong>PARLAMENTAR:</strong>\u00a0Erika Tereza Coitinho Affonso</p>\r\n<p><strong>DESPESAS COM ALIMENTA\u00c7\u00c3O:</strong>\u00a0R$\u00a077,53</p>\r\n<p><strong>PARLAMENTAR:</strong>\u00a0Osvaldo Ferreira</p>\r\n<p><strong>DESPESAS COM ALIMENTA\u00c7\u00c3O:</strong>\u00a0R$\u00a076,05</p>\r\n<p><strong>PARLAMENTAR:</strong>\u00a0Victor Zoccola Amorim</p>\r\n<p><strong>DESPESAS COM ALIMENTA\u00c7\u00c3O:</strong>\u00a0R$ 103,30</p>\r\n<p><strong>PARLAMENTAR:</strong>\u00a0Luiz Cosme Martins de Souza</p>\r\n<p><strong>DESPESAS COM ALIMENTA\u00c7\u00c3O:</strong>\u00a0R$ 44,00</p>\r\n<p><strong>PARLAMENTAR:</strong>\u00a0Angela Cristina Fontes Silva</p>\r\n<p><strong>DESPESAS COM ALIMENTA\u00c7\u00c3O:</strong>\u00a0R$ 40,00</p>\r\n<p><strong>PARLAMENTAR:</strong>\u00a0Jose Ricardo Rodrigues Leite Junior</p>\r\n<p><strong>DESPESAS COM ALIMENTA\u00c7\u00c3O:</strong>\u00a0R$ 130,17</p>\r\n<p><strong>PARLAMENTAR:</strong>\u00a0Matilde Nassif Koury</p>\r\n<p><strong>DESPESAS COM ALIMENTA\u00c7\u00c3O:</strong>\u00a0R$ 55,00</p>\r\n<p><strong>FINALIDADE DA VIAGEM:</strong>\u00a0Participar do evento \u201cGoverno na \u00c1rea\u201d, com o Governador Rodrigo Garcia e Secretariado.</p>\r\n</td>\r\n</tr>\r\n<tr>\r\n<td style=\"text-align: justify; \">\r\n<p><strong>CIDADE/UF:\u00a0</strong>Guaruj\u00e1/SP</p>\r\n<p><strong>LOCAL:</strong>\u00a0Casa Grande Hotel</p>\r\n<p><strong>PARTIDA:</strong>\u00a007/06/2022 \u00e0s 10:00h.</p>\r\n<p><strong>CHEGADA:</strong>\u00a011/06/2022 \u00e0s 22:00h.</p>\r\n<p><strong>PARLAMENTAR:</strong>\u00a0Erika Tereza Coitinho Affonso</p>\r\n<p><strong>DESPESAS COM ALIMENTA\u00c7\u00c3O:</strong>\u00a0R$\u00a0524,60</p>\r\n<p><strong>DESPESAS COM HOSPEDAGEM:</strong><span>\u00a0R$ 992,00</span></p>\r\n<p><strong>PARLAMENTAR:</strong>\u00a0Victor Zoccola Amorim</p>\r\n<p><strong>DESPESAS COM ALIMENTA\u00c7\u00c3O:</strong>\u00a0R$\u00a0803,23</p>\r\n<p><strong>DESPESAS COM HOSPEDAGEM:</strong><span>\u00a0R$\u00a0<span>992,00</span></span></p>\r\n<p><strong>FINALIDADE DA VIAGEM:</strong>\u00a0Participar do 5.\u00ba Conexidades.</p>\r\n</td>\r\n</tr>\r\n<tr>\r\n<td style=\"text-align: justify; \">\r\n<p><strong>CIDADE/UF:\u00a0</strong><span>S\u00e3o Paulo/SP</span></p>\r\n<p><strong>LOCAL:</strong>\u00a0<span>Escrit\u00f3rio pol\u00edtico do Deputado Samuel Moreira e ALESP</span></p>\r\n<p><strong>PARTIDA:</strong>\u00a0<span>20/06/2022 \u00e0s 3:30h.</span></p>\r\n<p><strong>CHEGADA:</strong>\u00a0<span>20/06/2022 \u00e0s 20:30h.</span></p>\r\n<p><strong>PARLAMENTAR:</strong>\u00a0<span>Ednaldo Valim Cabral</span></p>\r\n<p><strong>DESPESAS COM ALIMENTA\u00c7\u00c3O:</strong>\u00a0R$ 81,26</p>\r\n<p><strong>PARLAMENTAR:</strong>\u00a0<span>Jose Ricardo Rodrigues Leite Junior</span></p>\r\n<p><strong>DESPESAS COM ALIMENTA\u00c7\u00c3O:</strong>\u00a0R$ 103,70</p>\r\n<p><strong>FINALIDADE DA VIAGEM:</strong>\u00a0<span>Solicitar Emenda Parlamentar.</span></p>\r\n</td>\r\n</tr>\r\n<tr>\r\n<td style=\"text-align: justify; \">\r\n<p><strong>CIDADE/UF:\u00a0</strong><span>S\u00e3o Paulo/SP</span></p>\r\n<p><strong>LOCAL:</strong>\u00a0<span>ALESP</span></p>\r\n<p><strong>PARTIDA:</strong>\u00a0<span>21/06/2022 \u00e0s 6:30h.</span></p>\r\n<p><strong>CHEGADA:</strong>\u00a0<span>21/06/2022 \u00e0s 23:30h.</span></p>\r\n<p><strong>PARLAMENTAR:</strong>\u00a0<span>Matilde Nassif Koury</span></p>\r\n<p><strong>DESPESAS COM ALIMENTA\u00c7\u00c3O:</strong>\u00a0R$\u00a0<span>84,66</span></p>\r\n<p><strong>FINALIDADE DA VIAGEM:</strong>\u00a0<span>Reuni\u00e3o com Deputado Marcos Damasio.</span></p>\r\n</td>\r\n</tr>\r\n<tr>\r\n<td style=\"text-align: justify; \">\r\n<p><strong>CIDADE/UF:\u00a0</strong><span>Guaratinguet\u00e1/SP</span></p>\r\n<p><strong>LOCAL:</strong>\u00a0<span>C\u00e2mara Municipal da Est\u00e2ncia Tur\u00edstica de Guaratinguet\u00e1</span></p>\r\n<p><strong>PARTIDA:</strong>\u00a0<span>28/06/2022</span></p>\r\n<p><strong>CHEGADA:</strong>\u00a0-</p>\r\n<p><strong>PARLAMENTAR:</strong>\u00a0<span>Erika Tereza Coitinho Affonso</span></p>\r\n<p><strong>DESPESAS COM ALIMENTA\u00c7\u00c3O:</strong>\u00a0R$\u00a0<span>29,40</span></p>\r\n<p><strong>FINALIDADE DA VIAGEM:</strong>\u00a0<span>Participar de Sess\u00e3o Solene, concedendo T\u00edtulo de Cidadania Honor\u00e1ria aos Ilustr\u00edssimos Senhores Bernardo Ortiz J\u00fanior e Marco Vinholi.</span></p>\r\n</td>\r\n</tr>\r\n<tr>\r\n<td style=\"text-align: justify; \">\r\n<p><strong>CIDADE/UF:\u00a0</strong>S\u00e3o Paulo/SP</p>\r\n<p><strong>LOCAL:</strong>\u00a0Sebrae e Pal\u00e1cio</p>\r\n<p><strong>PARTIDA:</strong>\u00a005/08/2022 \u00e0s 9:00h.</p>\r\n<p><strong>CHEGADA:</strong>\u00a006/08/2022 \u00e0s 1:30h.</p>\r\n<p><strong>PARLAMENTAR:</strong>\u00a0Erika Tereza Coitinho Affonso</p>\r\n<p><strong>DESPESAS COM ALIMENTA\u00c7\u00c3O:</strong>\u00a0R$\u00a0113,47</p>\r\n<p><strong>FINALIDADE DA VIAGEM:</strong>\u00a0Tratar sobre a sala do empreendedorismo e sobre o \u201cpet container\u201d.</p>\r\n</td>\r\n</tr>\r\n<tr>\r\n<td style=\"text-align: justify; \">\r\n<p><strong>CIDADE/UF:\u00a0</strong>Guaratinguet\u00e1/SP</p>\r\n<p><strong>LOCAL:</strong>\u00a0TCE</p>\r\n<p><strong>PARTIDA:</strong>\u00a012/08/2022 \u00e0s 12:30h.</p>\r\n<p><strong>CHEGADA:</strong>\u00a012/08/2022 \u00e0s 20:30h.</p>\r\n<p><strong>PARLAMENTAR:\u00a0</strong>Victor Zoccola Amorim</p>\r\n<p><strong>DESPESAS COM ALIMENTA\u00c7\u00c3O:</strong>\u00a0R$\u00a067,80</p>\r\n<p><strong>FINALIDADE DA VIAGEM:</strong>\u00a0Protocolar relat\u00f3rio da Comiss\u00e3o de Obras e Servi\u00e7os P\u00fablicos.</p>\r\n</td>\r\n</tr>\r\n<tr>\r\n<td style=\"text-align: justify; \">\r\n<p><strong>CIDADE/UF:\u00a0</strong>S\u00e3o Paulo/SP</p>\r\n<p><strong>LOCAL:</strong>\u00a0Pal\u00e1cio dos Bandeirantes</p>\r\n<p><strong>PARTIDA:</strong>\u00a017/08/2022 \u00e0s 8:00h.</p>\r\n<p><strong>CHEGADA:</strong>\u00a017/08/2022 \u00e0s 22:30h.</p>\r\n<p><strong>PARLAMENTAR:</strong>\u00a0Erika Tereza Coitinho Affonso</p>\r\n<p><strong>DESPESAS COM ALIMENTA\u00c7\u00c3O:</strong>\u00a0R$\u00a068,14</p>\r\n<p><strong>FINALIDADE DA VIAGEM:</strong>\u00a0Tratar sobre o \u201cPlayground Acess\u00edvel\u201d e sobre o \u201cPoupa Tempo\u201d.</p>\r\n</td>\r\n</tr>\r\n<tr>\r\n<td style=\"text-align: justify; \">\r\n<p><strong>CIDADE/UF:\u00a0</strong>Guaratinguet\u00e1/SP</p>\r\n<p><strong>LOCAL:</strong>\u00a0TCE</p>\r\n<p><strong>PARTIDA:</strong>\u00a031/08/2022 \u00e0s 13:30h.</p>\r\n<p><strong>CHEGADA:</strong>\u00a031/08/2022 \u00e0s 19:00h.</p>\r\n<p><strong>PARLAMENTAR:</strong>\u00a0Victor Zoccola Amorim</p>\r\n<p><strong>DESPESAS COM ALIMENTA\u00c7\u00c3O:</strong>\u00a0R$\u00a084,30</p>\r\n<p><strong>FINALIDADE DA VIAGEM:</strong>\u00a0Protocolar relat\u00f3rio da Comiss\u00e3o de Obras e Servi\u00e7os P\u00fablicos.</p>\r\n</td>\r\n</tr>\r\n<tr>\r\n<td style=\"text-align: justify; \">\r\n<p><strong>CIDADE/UF:\u00a0</strong>S\u00e3o Paulo/SP</p>\r\n<p><strong>LOCAL:</strong>\u00a0Pal\u00e1cio dos Bandeirantes</p>\r\n<p><strong>PARTIDA:</strong>\u00a009/09/2022 \u00e0s 4:00h.</p>\r\n<p><strong>CHEGADA:</strong>\u00a010/09/2022 \u00e0s 0:30h.</p>\r\n<p><strong>PARLAMENTAR:</strong>\u00a0Erika Tereza Coitinho Affonso</p>\r\n<p><strong>DESPESAS COM ALIMENTA\u00c7\u00c3O:</strong>\u00a0R$\u00a0126,98</p>\r\n<p><strong>FINALIDADE DA VIAGEM:</strong>\u00a0Reuni\u00e3o com a Primeira Dama do Estado de S\u00e3o Paulo, como representante do Parlamento Regional para tratar de assuntos de interesse do munic\u00edpio e regi\u00e3o.</p>\r\n</td>\r\n</tr>\r\n<tr>\r\n<td style=\"text-align: justify; \">\r\n<p><strong>CIDADE/UF:\u00a0</strong>Guaratinguet\u00e1/SP</p>\r\n<p><strong>LOCAL:</strong>\u00a0Sede Regional do SAMU</p>\r\n<p><strong>PARTIDA:</strong>\u00a026/10/2022 \u00e0s 10:30h.</p>\r\n<p><strong>CHEGADA:</strong>\u00a026/10/2022 \u00e0s 19:00h.</p>\r\n<p><strong>PARLAMENTAR:</strong>\u00a0Victor Zoccola Amorim</p>\r\n<p><strong>DESPESAS COM ALIMENTA\u00c7\u00c3O:</strong>\u00a0R$\u00a087,70</p>\r\n<p><strong>PARLAMENTAR:</strong>\u00a0Erika Tereza Coitinho Affonso</p>\r\n<p><strong>DESPESAS COM ALIMENTA\u00c7\u00c3O:</strong>\u00a0R$ 71,20</p>\r\n<p><strong>FINALIDADE DA VIAGEM:</strong>\u00a0Conhecer e entender melhor as diretrizes de funcionamento da referida institui\u00e7\u00e3o.</p>\r\n</td>\r\n</tr>\r\n<tr>\r\n<td style=\"text-align: justify; \">\r\n<p><strong>CIDADE/UF:\u00a0</strong>S\u00e3o Paulo/SP</p>\r\n<p><strong>LOCAL:</strong>\u00a0ALESP</p>\r\n<p><strong>PARTIDA:</strong>\u00a010/11/2022 \u00e0s 8:30h.</p>\r\n<p><strong>CHEGADA:</strong>\u00a010/11/2022 \u00e0s 23:30h.</p>\r\n<p><strong>PARLAMENTAR:</strong>\u00a0Matilde Nassif Koury</p>\r\n<p><strong>DESPESAS COM ALIMENTA\u00c7\u00c3O:</strong>\u00a0R$ 52,00</p>\r\n<p><strong>FINALIDADE DA VIAGEM:</strong>\u00a0Visita ao Deputado Marcos Damasio.</p>\r\n</td>\r\n</tr>\r\n<tr>\r\n<td style=\"text-align: justify; \">\r\n<p><strong>CIDADE/UF:\u00a0</strong>Guaratinguet\u00e1/SP e\u00a0Cruzeiro/SP</p>\r\n<p><strong>LOCAL:</strong>\u00a0TCE-SP e Pol\u00edcia Federal</p>\r\n<p><strong>PARTIDA:</strong>\u00a016/11/2022 \u00e0s 14:00h.</p>\r\n<p><strong>CHEGADA:</strong>\u00a016/11/2022 \u00e0s 20:30h.</p>\r\n<p><strong>PARLAMENTAR:</strong>\u00a0Victor Zoccola Amorim</p>\r\n<p><strong>DESPESAS COM ALIMENTA\u00c7\u00c3O:</strong>\u00a0R$ 52,25</p>\r\n<p><strong>FINALIDADE DA VIAGEM:</strong>\u00a0Protocolar relat\u00f3rio da Comiss\u00e3o Permanente de Obras e Servi\u00e7os P\u00fablicos.</p>\r\n</td>\r\n</tr>\r\n<tr>\r\n<td style=\"text-align: justify; \">\r\n<p><strong>CIDADE/UF:\u00a0</strong>S\u00e3o Paulo/SP</p>\r\n<p><strong>LOCAL:</strong>\u00a0Sebrae SP</p>\r\n<p><strong>PARTIDA:</strong>\u00a018/11/2022 \u00e0s 7:00h.</p>\r\n<p><strong>CHEGADA:</strong>\u00a019/11/2022 \u00e0s 1:30h.</p>\r\n<p><strong>PARLAMENTAR:</strong>\u00a0Erika Tereza Coitinho Affonso</p>\r\n<p><strong>DESPESAS COM ALIMENTA\u00c7\u00c3O:</strong>\u00a0R$ 94,47</p>\r\n<p><strong>FINALIDADE DA VIAGEM:</strong>\u00a0Tratar de assuntos de interesse do munic\u00edpio.</p>\r\n</td>\r\n</tr>\r\n<tr>\r\n<td style=\"text-align: justify; \">\r\n<p><strong>CIDADE/UF:\u00a0</strong>S\u00e3o Paulo/SP</p>\r\n<p><strong>LOCAL:</strong>\u00a0Secretaria dos Direitos dos Deficientes</p>\r\n<p><strong>PARTIDA:</strong>\u00a029/11/2022 \u00e0s 6:00h.</p>\r\n<p><strong>CHEGADA:</strong>\u00a029/11/2022 \u00e0s 23:30h.</p>\r\n<p><strong>PARLAMENTAR:</strong>\u00a0Erika Tereza Coitinho Affonso</p>\r\n<p><strong>DESPESAS COM ALIMENTA\u00c7\u00c3O:</strong>\u00a0R$ 96,74</p>\r\n<p><strong>FINALIDADE DA VIAGEM:</strong>\u00a0Reuni\u00e3o com o Sr. Thiago Cabral, para tratar da van e playground acess\u00edveis.</p>\r\n</td>\r\n</tr>\r\n<tr>\r\n<td style=\"text-align: justify; \">\r\n<p><strong>CIDADE/UF:\u00a0</strong>S\u00e3o Paulo/SP</p>\r\n<p><strong>LOCAL:</strong>\u00a0ALESP</p>\r\n<p><strong>PARTIDA:</strong>\u00a030/11/2022 \u00e0s 5:00h.</p>\r\n<p><strong>CHEGADA:</strong>\u00a030/11/2022 \u00e0s 20:00h.</p>\r\n<p><strong>PARLAMENTAR:</strong>\u00a0Ednaldo Valim Cabral</p>\r\n<p><strong>DESPESAS COM ALIMENTA\u00c7\u00c3O:</strong>\u00a0R$ 57,61</p>\r\n<p><strong>FINALIDADE DA VIAGEM:</strong>\u00a0Agenda com a Deputada Estadual Damaris Moura.</p>\r\n</td>\r\n</tr>\r\n</tbody>\r\n</table>", "author_name": "", "version": "1.0", "author_url": "https://www.bananal.sp.leg.br/author/adm", "provider_name": "C\u00e2mara Municipal da Est\u00e2ncia Tur\u00edstica de Bananal", "type": "rich"}