{"provider_url": "https://www.bananal.sp.leg.br", "title": "2023", "html": "<table class=\"plain\">\r\n<tbody>\r\n<tr><th style=\"text-align: center; \"><strong>VIAGENS REALIZADAS PELOS PARLAMENTARES NO ANO DE 2023</strong></th></tr>\r\n<tr>\r\n<td>\r\n<p><strong>CIDADE/UF:\u00a0</strong>S\u00e3o Paulo/SP</p>\r\n<p><strong>LOCAL:</strong>\u00a0SEBRAE-SP</p>\r\n<p><strong>PARTIDA:</strong>\u00a007/03/2023 \u00e0s 9:00h.</p>\r\n<p><strong>CHEGADA:</strong>\u00a008/03/2023 \u00e0s 1:30h.</p>\r\n<p><strong>PARLAMENTAR:</strong>\u00a0Erika Tereza Coitinho Affonso</p>\r\n<p><strong>DESPESAS COM ALIMENTA\u00c7\u00c3O:</strong>\u00a0R$\u00a0114,70</p>\r\n<p style=\"text-align: justify; \"><strong>FINALIDADE DA VIAGEM:</strong>\u00a0Participar de reuni\u00e3o com o Presidente do SEBRAE-SP, a fim de tratar de assuntos de interesse do munic\u00edpio e mun\u00edcipes.</p>\r\n</td>\r\n</tr>\r\n<tr>\r\n<td>\r\n<p><strong>CIDADE/UF:\u00a0</strong>S\u00e3o Paulo/SP</p>\r\n<p><strong>LOCAL:</strong>\u00a0ALESP</p>\r\n<p><strong>PARTIDA:</strong>\u00a015/03/2023 \u00e0s 7:30h.</p>\r\n<p><strong>CHEGADA:</strong>\u00a016/03/2023 \u00e0s 0:30h.</p>\r\n<p><strong>PARLAMENTAR:</strong>\u00a0Luiz Cosme Martins de Souza</p>\r\n<p><strong>DESPESAS COM ALIMENTA\u00c7\u00c3O:</strong>\u00a0R$\u00a0101,87</p>\r\n<p><strong>PARLAMENTAR:</strong>\u00a0Angela Cristina Fontes Silva</p>\r\n<p><strong>DESPESAS COM ALIMENTA\u00c7\u00c3O:</strong>\u00a0R$\u00a071,16</p>\r\n<p><strong>PARLAMENTAR:</strong>\u00a0Matilde Nassif Koury</p>\r\n<p><strong>DESPESAS COM ALIMENTA\u00c7\u00c3O:</strong>\u00a0R$\u00a0131,06</p>\r\n<p><strong>FINALIDADE DA VIAGEM:</strong>\u00a0Reuni\u00e3o no gabinete do Deputado Estadual Itamar Borges.</p>\r\n</td>\r\n</tr>\r\n<tr>\r\n<td>\r\n<p><strong>CIDADE/UF:\u00a0</strong>S\u00e3o Paulo/SP</p>\r\n<p><strong>LOCAL:</strong>\u00a0Secretaria Estadual de Pol\u00edticas para a Mulher</p>\r\n<p><strong>PARTIDA:</strong>\u00a020/03/2023 \u00e0s 3:30h.</p>\r\n<p><strong>CHEGADA:</strong>\u00a020/03/2023 \u00e0s 19:00h.</p>\r\n<p><strong>PARLAMENTAR:</strong>\u00a0Erika Tereza Coitinho Affonso</p>\r\n<p><strong>DESPESAS COM ALIMENTA\u00c7\u00c3O:</strong>\u00a0R$\u00a0103,00</p>\r\n<p style=\"text-align: justify; \"><strong>FINALIDADE DA VIAGEM:</strong>\u00a0Buscar programas para fomentar em nosso munic\u00edpio a import\u00e2ncia da mulher no mercado de trabalho e outros.</p>\r\n</td>\r\n</tr>\r\n<tr>\r\n<td>\r\n<p><strong>CIDADE/UF:\u00a0</strong>S\u00e3o Paulo/SP</p>\r\n<p><strong>LOCAL:</strong>\u00a0Secretaria Estadual de Esportes</p>\r\n<p><strong>PARTIDA:</strong>\u00a021/03/2023 \u00e0s 4:10h.</p>\r\n<p><strong>CHEGADA:</strong>\u00a021/03/2023 \u00e0s 22:30h.</p>\r\n<p><strong>PARLAMENTAR:</strong>\u00a0Angela Cristina Fontes Silva</p>\r\n<p><strong>DESPESAS COM ALIMENTA\u00c7\u00c3O:</strong>\u00a0R$ 66,67</p>\r\n<p><strong>PARLAMENTAR:</strong>\u00a0Matilde Nassif Koury</p>\r\n<p><strong>DESPESAS COM ALIMENTA\u00c7\u00c3O:</strong>\u00a0R$ 129,26</p>\r\n<p style=\"text-align: justify; \"><strong>FINALIDADE DA VIAGEM:</strong>\u00a0Reuni\u00e3o, cujo assunto principal \u00e9 futura implanta\u00e7\u00e3o de pista de skate no munic\u00edpio de Bananal.</p>\r\n</td>\r\n</tr>\r\n<tr>\r\n<td>\r\n<p><strong>CIDADE/UF:\u00a0</strong>S\u00e3o Paulo/SP</p>\r\n<p><strong>LOCAL:</strong>\u00a0ALESP e Pal\u00e1cio</p>\r\n<p><strong>PARTIDA:</strong>\u00a023/03/2023 \u00e0s 8:00h.</p>\r\n<p><strong>CHEGADA:</strong>\u00a023/03/2023 \u00e0s 22:30h.</p>\r\n<p><strong>PARLAMENTAR:</strong>\u00a0Victor Zoccola Amorim</p>\r\n<p><strong>DESPESAS COM ALIMENTA\u00c7\u00c3O:</strong>\u00a0R$ 136,50</p>\r\n<p><strong>FINALIDADE DA VIAGEM:</strong>\u00a0Tratar sobre recursos para o munic\u00edpio.</p>\r\n</td>\r\n</tr>\r\n<tr>\r\n<td>\r\n<p><strong>CIDADE/UF:\u00a0</strong>S\u00e3o Paulo/SP</p>\r\n<p><strong>LOCAL:</strong>\u00a0ALESP</p>\r\n<p><strong>PARTIDA:</strong>\u00a029/03/2023 \u00e0s 4:50h.</p>\r\n<p><strong>CHEGADA:</strong>\u00a030/03/2023 \u00e0s 1:30h.</p>\r\n<p><strong>PARLAMENTAR:</strong>\u00a0Luiz Cosme Martins de Souza</p>\r\n<p><strong>DESPESAS COM ALIMENTA\u00c7\u00c3O:</strong>\u00a0R$ 117,00</p>\r\n<p style=\"text-align: justify; \"><strong>FINALIDADE DA VIAGEM:</strong>\u00a0Tratativas de Emendas Parlamentares com Deputados para o munic\u00edpio de Bananal.</p>\r\n</td>\r\n</tr>\r\n<tr>\r\n<td>\r\n<p style=\"text-align: justify; \"><strong>CIDADE/UF:\u00a0</strong>S\u00e3o Paulo/SP</p>\r\n<p style=\"text-align: justify; \"><strong>LOCAL:</strong>\u00a0Pal\u00e1cio dos Bandeirantes</p>\r\n<p style=\"text-align: justify; \"><strong>PARTIDA:</strong>\u00a011/04/2023 \u00e0s 7:30h.</p>\r\n<p style=\"text-align: justify; \"><strong>CHEGADA:</strong>\u00a011/04/2023 \u00e0s 22:30h.</p>\r\n<p style=\"text-align: justify; \"><strong>PARLAMENTAR:</strong>\u00a0Victor Zoccola Amorim</p>\r\n<p style=\"text-align: justify; \"><strong>DESPESAS COM ALIMENTA\u00c7\u00c3O:</strong>\u00a0R$ 78,00</p>\r\n<p style=\"text-align: justify; \"><strong>FINALIDADE DA VIAGEM:</strong>\u00a0Reuni\u00e3o com Vice-Governador do Estado de S\u00e3o Paulo.</p>\r\n</td>\r\n</tr>\r\n<tr>\r\n<td>\r\n<p style=\"text-align: justify; \"><strong>CIDADE/UF:\u00a0</strong>S\u00e3o Paulo/SP</p>\r\n<p style=\"text-align: justify; \"><strong>LOCAL:</strong>\u00a0Pal\u00e1cio dos Bandeirantes</p>\r\n<p style=\"text-align: justify; \"><strong>PARTIDA:</strong>\u00a013/04/2023 \u00e0s 6:30h.</p>\r\n<p style=\"text-align: justify; \"><strong>CHEGADA:</strong>\u00a014/04/2023 \u00e0s 3:30h.</p>\r\n<p style=\"text-align: justify; \"><strong>PARLAMENTAR:</strong>\u00a0Erika Tereza Coitinho Affonso</p>\r\n<p style=\"text-align: justify; \"><strong>DESPESAS COM ALIMENTA\u00c7\u00c3O:</strong>\u00a0R$\u00a0146,50</p>\r\n<p style=\"text-align: justify; \"><strong>FINALIDADE DA VIAGEM:</strong>\u00a0Participar do projeto de regionaliza\u00e7\u00e3o da sa\u00fade.</p>\r\n</td>\r\n</tr>\r\n<tr>\r\n<td>\r\n<p style=\"text-align: justify; \"><strong>CIDADE/UF:\u00a0</strong>S\u00e3o Paulo/SP</p>\r\n<p style=\"text-align: justify; \"><strong>LOCAL:</strong>\u00a0-</p>\r\n<p style=\"text-align: justify; \"><strong>PARTIDA:</strong>\u00a017/04/2023 \u00e0s 11:00h.</p>\r\n<p style=\"text-align: justify; \"><strong>CHEGADA:</strong>\u00a017/04/2023 \u00e0s 22:00h.</p>\r\n<p style=\"text-align: justify; \"><strong>PARLAMENTAR:</strong>\u00a0Erika Tereza Coitinho Affonso\u00a0</p>\r\n<p style=\"text-align: justify; \"><strong>DESPESAS COM ALIMENTA\u00c7\u00c3O:</strong>\u00a0R$ 77,02</p>\r\n<p style=\"text-align: justify; \"><strong>FINALIDADE DA VIAGEM:</strong>\u00a0Apanhar o Professor Marco Aurelio Bassi, para ministrar palestras aos professores e dirigentes educacionais da APAE em Bananal-SP.</p>\r\n</td>\r\n</tr>\r\n<tr>\r\n<td>\r\n<p style=\"text-align: justify; \"><strong>CIDADE/UF:\u00a0</strong>S\u00e3o Paulo/SP</p>\r\n<p style=\"text-align: justify; \"><strong>LOCAL:</strong>\u00a0C\u00e2mara Municipal de S\u00e3o Jos\u00e9 dos Campos</p>\r\n<p style=\"text-align: justify; \"><strong>PARTIDA:</strong>\u00a024/04/2023 \u00e0s 8:00h.</p>\r\n<p style=\"text-align: justify; \"><strong>CHEGADA:</strong>\u00a024/04/2023 \u00e0s 20:30h.</p>\r\n<p style=\"text-align: justify; \"><strong>PARLAMENTAR:</strong>\u00a0Osvaldo Ferreira</p>\r\n<p style=\"text-align: justify; \"><strong>DESPESAS COM ALIMENTA\u00c7\u00c3O:</strong>\u00a0R$ 95,90</p>\r\n<p style=\"text-align: justify; \"><strong>FINALIDADE DA VIAGEM:</strong>\u00a0Participa\u00e7\u00e3o no ciclo de debates promovido pelo TCE-SP.</p>\r\n</td>\r\n</tr>\r\n<tr>\r\n<td>\r\n<p style=\"text-align: justify; \"><strong>CIDADE/UF:\u00a0</strong>S\u00e3o Paulo/SP</p>\r\n<p style=\"text-align: justify; \"><strong>LOCAL:</strong>\u00a0ALESP</p>\r\n<p style=\"text-align: justify; \"><strong>PARTIDA:</strong>\u00a025/04/2023 \u00e0s 8:00h.</p>\r\n<p style=\"text-align: justify; \"><strong>CHEGADA:</strong>\u00a026/04/2023 \u00e0s 0:00h.</p>\r\n<p style=\"text-align: justify; \"><strong>PARLAMENTAR:</strong>\u00a0Erika Tereza Coitinho Affonso</p>\r\n<p style=\"text-align: justify; \"><strong>DESPESAS COM ALIMENTA\u00c7\u00c3O:</strong>\u00a0R$ 93,80</p>\r\n<p style=\"text-align: justify; \"><strong>FINALIDADE DA VIAGEM:</strong>\u00a0Comparecimento no gabinete do Presidente da ALESP, e receber certificado na ALESP.</p>\r\n</td>\r\n</tr>\r\n<tr>\r\n<td>\r\n<p style=\"text-align: justify; \"><strong>CIDADE/UF:\u00a0</strong>S\u00e3o Paulo/SP</p>\r\n<p style=\"text-align: justify; \"><strong>LOCAL:</strong>\u00a0ALESP</p>\r\n<p style=\"text-align: justify; \"><strong>PARTIDA:</strong>\u00a028/04/2023 \u00e0s 5:00h.</p>\r\n<p style=\"text-align: justify; \"><strong>CHEGADA:</strong>\u00a029/04/2023 \u00e0s 1:30h.</p>\r\n<p style=\"text-align: justify; \"><strong>PARLAMENTAR:</strong>\u00a0Luiz Cosme Martins de Souza</p>\r\n<p style=\"text-align: justify; \"><strong>DESPESAS COM ALIMENTA\u00c7\u00c3O:</strong>\u00a0R$ 71,24</p>\r\n<p style=\"text-align: justify; \"><strong>FINALIDADE DA VIAGEM:</strong>\u00a0Reuni\u00e3o com Deputado Estadual Danilo Balas, visando emendas parlamentares ao munic\u00edpio de Bananal-SP.</p>\r\n</td>\r\n</tr>\r\n<tr>\r\n<td>\r\n<p style=\"text-align: justify; \"><strong>CIDADE/UF:\u00a0</strong>Ribeir\u00e3o Preto/SP</p>\r\n<p style=\"text-align: justify; \"><strong>LOCAL:</strong>\u00a0Centro de Eventos Taiwan - Av. Dr. Francisco Gugliano, 2710, Royal Park</p>\r\n<p style=\"text-align: justify; \"><strong>PARTIDA:</strong>\u00a008/05/2023 \u00e0s 5:30h.</p>\r\n<p style=\"text-align: justify; \"><strong>CHEGADA:</strong>\u00a012/05/2023 \u00e0s 16:30h.</p>\r\n<p style=\"text-align: justify; \"><strong>PARLAMENTAR:</strong>\u00a0Erika Tereza Coitinho Affonso</p>\r\n<p style=\"text-align: justify; \"><strong>DESPESAS COM ALIMENTA\u00c7\u00c3O:</strong>\u00a0R$\u00a0601,32</p>\r\n<p style=\"text-align: justify; \"><strong>DESPESAS COM HOSPEDAGEM:</strong><span>\u00a0R$\u00a0619,84<b></b></span></p>\r\n<p style=\"text-align: justify; \"><strong>FINALIDADE DA VIAGEM:</strong>\u00a0Participar do 65\u00ba Congresso Estadual de Munic\u00edpios de S\u00e3o Paulo.</p>\r\n</td>\r\n</tr>\r\n<tr>\r\n<td>\r\n<p><strong>CIDADE/UF:\u00a0</strong>S\u00e3o Paulo/SP</p>\r\n<p><strong>LOCAL:</strong>\u00a0ALESP e Pal\u00e1cio dos Bandeirantes</p>\r\n<p><strong>PARTIDA:</strong>\u00a016/06/2023 \u00e0s 5:00h.</p>\r\n<p><strong>CHEGADA:</strong>\u00a016/06/2023 \u00e0s 23:00h.</p>\r\n<p><strong>PARLAMENTAR:</strong>\u00a0Ednaldo Valim Cabral</p>\r\n<p><strong>DESPESAS COM ALIMENTA\u00c7\u00c3O:</strong>\u00a0R$ 127,60</p>\r\n<p><strong>FINALIDADE DA VIAGEM:</strong>\u00a0Agenda com o Deputado Federal Gilberto Nascimento Silva.</p>\r\n</td>\r\n</tr>\r\n<tr>\r\n<td>\r\n<p><strong>CIDADE/UF: </strong>Jundia\u00ed/SP</p>\r\n<p><strong>LOCAL:</strong>\u00a0Parque Comendador Ant\u00f4nio Carbonari, Parque da Uva, Av. Jundia\u00ed, Anhangaba\u00fa</p>\r\n<p><strong>PARTIDA:</strong>\u00a013/06/2023 \u00e0s 9:00h.</p>\r\n<p><strong>CHEGADA:</strong>\u00a017/06/2023 \u00e0s 23:30h.</p>\r\n<p><strong>PARLAMENTAR:</strong>\u00a0Erika Tereza Coitinho Affonso</p>\r\n<p><strong>DESPESAS COM ALIMENTA\u00c7\u00c3O:</strong>\u00a0R$\u00a0642,35</p>\r\n<p><strong>DESPESAS COM HOSPEDAGEM:</strong>\u00a0R$\u00a01.134,24</p>\r\n<p><strong>PARLAMENTAR:</strong>\u00a0Victor Zoccola Amorim</p>\r\n<p><strong>DESPESAS COM ALIMENTA\u00c7\u00c3O:</strong>\u00a0R$\u00a0723,04</p>\r\n<p><strong>DESPESAS COM HOSPEDAGEM:</strong>\u00a0R$ 985,32</p>\r\n<p><strong>PARLAMENTAR:</strong>\u00a0Jose Ricardo Rodrigues Leite Junior</p>\r\n<p><strong>DESPESAS COM ALIMENTA\u00c7\u00c3O:</strong>\u00a0R$\u00a0665,30</p>\r\n<p><strong>DESPESAS COM HOSPEDAGEM:</strong>\u00a0R$\u00a0985,32</p>\r\n<p style=\"text-align: justify; \"><strong>FINALIDADE DA VIAGEM:</strong>\u00a0Participar do 6\u00ba Conexidades \u2013 Encontro Nacional de Parceiros P\u00fablicos e Privados.</p>\r\n</td>\r\n</tr>\r\n<tr>\r\n<td>\r\n<p><strong>CIDADE/UF:\u00a0</strong>Barueri/SP</p>\r\n<p><strong>LOCAL:</strong>\u00a0Complexo Cultural Pra\u00e7a das Artes, Bairro Boa Vista</p>\r\n<p><strong>PARTIDA:</strong>\u00a019/07/2023 \u00e0s 6:00h.</p>\r\n<p><strong>CHEGADA:</strong>\u00a021/07/2023 \u00e0s 22:30h.</p>\r\n<p><strong>PARLAMENTAR:</strong>\u00a0Erika Tereza Coitinho Affonso</p>\r\n<p><strong>DESPESAS COM ALIMENTA\u00c7\u00c3O:</strong>\u00a0R$\u00a0421,29</p>\r\n<p><strong>DESPESAS COM HOSPEDAGEM:</strong>\u00a0R$ 768,50</p>\r\n<p><strong>PARLAMENTAR:</strong>\u00a0Jose Ricardo Rodrigues Leite Junior</p>\r\n<p><strong>DESPESAS COM ALIMENTA\u00c7\u00c3O:</strong>\u00a0R$\u00a0510,19</p>\r\n<p><strong>DESPESAS COM HOSPEDAGEM:</strong>\u00a0R$ 448,25</p>\r\n<p><strong>PARLAMENTAR:</strong>\u00a0Victor Zoccola Amorim</p>\r\n<p><strong>DESPESAS COM ALIMENTA\u00c7\u00c3O:</strong>\u00a0R$\u00a0552,79</p>\r\n<p><strong>DESPESAS COM HOSPEDAGEM:</strong>\u00a0R$\u00a0<span>448,25</span></p>\r\n<p style=\"text-align: justify; \"><strong>FINALIDADE DA VIAGEM:</strong>\u00a0Participar do VIII Congresso Brasileiro de Guardas Municipais e Seguran\u00e7a P\u00fablica.</p>\r\n</td>\r\n</tr>\r\n<tr>\r\n<td>\r\n<p><strong>CIDADE/UF:\u00a0</strong>Silveiras<span>/SP</span></p>\r\n<p><strong>LOCAL:</strong>\u00a0C\u00e2mara Municipal de Silveiras</p>\r\n<p><strong>PARTIDA:</strong>\u00a009/08/2023 \u00e0s 11:30h.</p>\r\n<p><strong>CHEGADA:</strong>\u00a009/08/2023 \u00e0s 20:00h.</p>\r\n<p><strong>PARLAMENTAR:</strong>\u00a0Erika Tereza Coitinho Affonso\u00a0</p>\r\n<p><strong>DESPESAS COM ALIMENTA\u00c7\u00c3O:</strong>\u00a0R$\u00a068,40</p>\r\n<p style=\"text-align: justify; \"><strong>FINALIDADE DA VIAGEM:</strong>\u00a0Reuni\u00e3o com as vereadoras do Vale do Para\u00edba para tratar de assuntos relacionados \u00e0 sa\u00fade no Vale do Para\u00edba.</p>\r\n</td>\r\n</tr>\r\n<tr>\r\n<td>\r\n<p style=\"text-align: justify; \"><strong>CIDADE/UF:\u00a0</strong>Bras\u00edlia/DF</p>\r\n<p style=\"text-align: justify; \"><strong>LOCAL:</strong>\u00a0<span>Confedera\u00e7\u00e3o Nacional de Munic\u00edpios</span></p>\r\n<p style=\"text-align: justify; \"><strong>PARTIDA:</strong>\u00a014/08/2023 \u00e0s 2:30h.</p>\r\n<p style=\"text-align: justify; \"><strong>CHEGADA:</strong>\u00a018/08/2023 \u00e0s 4:00h.</p>\r\n<p style=\"text-align: justify; \"><strong>PARLAMENTAR:</strong>\u00a0Victor Zoccola Amorim</p>\r\n<p style=\"text-align: justify; \"><strong>DESPESAS COM ALIMENTA\u00c7\u00c3O:</strong>\u00a0R$\u00a0665,25</p>\r\n<p style=\"text-align: justify; \"><strong>DESPESAS COM HOSPEDAGEM:</strong>\u00a0R$\u00a0<span>660,32</span></p>\r\n<p style=\"text-align: justify; \"><strong>PARLAMENTAR:</strong>\u00a0Erika Tereza Coitinho Affonso</p>\r\n<p style=\"text-align: justify; \"><strong>DESPESAS COM ALIMENTA\u00c7\u00c3O:</strong>\u00a0R$\u00a0477,44</p>\r\n<p style=\"text-align: justify; \"><strong>DESPESAS COM HOSPEDAGEM:</strong>\u00a0R$ 1.426,38</p>\r\n<p style=\"text-align: justify; \"><strong>PARLAMENTAR:</strong>\u00a0Jose Ricardo Rodrigues Leite Junior</p>\r\n<p style=\"text-align: justify; \"><strong>DESPESAS COM ALIMENTA\u00c7\u00c3O:</strong>\u00a0R$\u00a0439,14</p>\r\n<p style=\"text-align: justify; \"><strong>DESPESAS COM HOSPEDAGEM:</strong>\u00a0R$ 660,32</p>\r\n<p style=\"text-align: justify; \"><strong>FINALIDADE DA VIAGEM:</strong>\u00a0Participar da mobiliza\u00e7\u00e3o municipalista (Confedera\u00e7\u00e3o Nacional de Munic\u00edpios).</p>\r\n</td>\r\n</tr>\r\n<tr>\r\n<td>\r\n<p style=\"text-align: justify; \"><strong>CIDADE/UF:\u00a0</strong>Campos do Jord\u00e3o/SP e\u00a0Lorena/SP</p>\r\n<p style=\"text-align: justify; \"><strong>LOCAL:</strong>\u00a0Espa\u00e7o Cultural Dr. Alem e C\u00e2mara Municipal de Lorena</p>\r\n<p style=\"text-align: justify; \"><strong>PARTIDA:</strong>\u00a013/09/2023 \u00e0s 5:30h.</p>\r\n<p style=\"text-align: justify; \"><strong>CHEGADA:</strong>\u00a013/09/2023 \u00e0s 20:00h.</p>\r\n<p style=\"text-align: justify; \"><strong>PARLAMENTAR:</strong>\u00a0Erika Tereza Coitinho Affonso\u00a0</p>\r\n<p style=\"text-align: justify; \"><strong>DESPESAS COM ALIMENTA\u00c7\u00c3O:</strong>\u00a0R$ 38,00</p>\r\n<p style=\"text-align: justify; \"><strong>FINALIDADE DA VIAGEM:</strong>\u00a0Confer\u00eancia Nacional de Juventude e reuni\u00e3o das vereadoras do Vale do Para\u00edba para tratar de assuntos pertinentes \u00e0 sa\u00fade.</p>\r\n</td>\r\n</tr>\r\n<tr>\r\n<td>\r\n<p><strong>CIDADE/UF:\u00a0</strong>S\u00e3o Paulo/SP</p>\r\n<p><strong>LOCAL:</strong>\u00a0ALESP</p>\r\n<p><strong>PARTIDA:</strong>\u00a015/09/2023 -</p>\r\n<p><strong>CHEGADA:</strong>\u00a015/09/2023 -</p>\r\n<p><strong>PARLAMENTAR:</strong>\u00a0Luiz Cosme Martins de Souza</p>\r\n<p><strong>DESPESAS COM ALIMENTA\u00c7\u00c3O:</strong>\u00a0R$\u00a0119,90</p>\r\n<p><strong>FINALIDADE DA VIAGEM:</strong>\u00a0-</p>\r\n</td>\r\n</tr>\r\n<tr>\r\n<td>\r\n<p style=\"text-align: justify; \"><strong>CIDADE/UF:\u00a0</strong>S\u00e3o Luiz do Paraitinga/SP</p>\r\n<p style=\"text-align: justify; \"><strong>LOCAL:</strong>\u00a0C\u00e2mara Municipal de S\u00e3o Luiz do Paraitinga</p>\r\n<p style=\"text-align: justify; \"><strong>PARTIDA:</strong>\u00a006/10/2023 \u00e0s 10:00h.</p>\r\n<p style=\"text-align: justify; \"><strong>CHEGADA:</strong>\u00a006/10/2023 \u00e0s 23:30h.</p>\r\n<p style=\"text-align: justify; \"><strong>PARLAMENTAR:</strong>\u00a0Erika Tereza Coitinho Affonso\u00a0</p>\r\n<p style=\"text-align: justify; \"><strong>DESPESAS COM ALIMENTA\u00c7\u00c3O:</strong>\u00a0R$ 102,75</p>\r\n<p style=\"text-align: justify; \"><strong>FINALIDADE DA VIAGEM:</strong>\u00a0Participar da reuni\u00e3o mulheres Vereadoras em prol da sa\u00fade no Vale do Para\u00edba.</p>\r\n</td>\r\n</tr>\r\n<tr>\r\n<td>\r\n<p><strong>CIDADE/UF:\u00a0</strong>S\u00e3o Paulo/SP</p>\r\n<p><strong>LOCAL:</strong>\u00a0ALESP e SEBRAE</p>\r\n<p><strong>PARTIDA:</strong>\u00a017/10/2023 \u00e0s 8:30h.</p>\r\n<p><strong>CHEGADA:</strong>\u00a018/10/2023 \u00e0s 2:30h.</p>\r\n<p><strong>PARLAMENTAR:</strong>\u00a0Erika Tereza Coitinho Affonso\u00a0</p>\r\n<p><strong>DESPESAS COM ALIMENTA\u00c7\u00c3O:</strong>\u00a0R$ 53,90</p>\r\n<p><strong>FINALIDADE DA VIAGEM:</strong>\u00a0Reuni\u00e3o com o Deputado Estadual Vit\u00e3o do Cachorr\u00e3o e tamb\u00e9m participar da feira ExpoSEBRAE representando o munic\u00edpio de Bananal-SP.</p>\r\n</td>\r\n</tr>\r\n<tr>\r\n<td>\r\n<p style=\"text-align: justify; \"><strong>CIDADE/UF:\u00a0</strong>S\u00e3o Paulo/SP</p>\r\n<p style=\"text-align: justify; \"><strong>LOCAL:</strong>\u00a0Secretaria Estadual de Sa\u00fade</p>\r\n<p style=\"text-align: justify; \"><strong>PARTIDA:</strong>\u00a031/10/2023 \u00e0s 8:00h.</p>\r\n<p style=\"text-align: justify; \"><strong>CHEGADA:</strong>\u00a001/11/2023 \u00e0s 1:30h.</p>\r\n<p style=\"text-align: justify; \"><strong>PARLAMENTAR:</strong>\u00a0Erika Tereza Coitinho Affonso\u00a0</p>\r\n<p style=\"text-align: justify; \"><strong>DESPESAS COM ALIMENTA\u00c7\u00c3O:</strong>\u00a0R$ 121,50</p>\r\n<p style=\"text-align: justify; \"><strong>FINALIDADE DA VIAGEM:</strong>\u00a0Reuni\u00e3o com o Chefe de Gabinete do Secret\u00e1rio Estadual de Sa\u00fade.</p>\r\n</td>\r\n</tr>\r\n<tr>\r\n<td>\r\n<p style=\"text-align: justify; \"><strong>CIDADE/UF:\u00a0</strong>Cachoeira Paulista/SP</p>\r\n<p style=\"text-align: justify; \"><strong>LOCAL:</strong>\u00a0C\u00e2mara Municipal de Cachoeira Paulista</p>\r\n<p style=\"text-align: justify; \"><strong>PARTIDA:</strong>\u00a010/11/2023 \u00e0s 10:00h.</p>\r\n<p style=\"text-align: justify; \"><strong>CHEGADA:</strong>\u00a010/11/2023 \u00e0s 21:00h.</p>\r\n<p style=\"text-align: justify; \"><strong>PARLAMENTAR:</strong>\u00a0Erika Tereza Coitinho Affonso</p>\r\n<p style=\"text-align: justify; \"><strong>DESPESAS COM ALIMENTA\u00c7\u00c3O:</strong>\u00a0R$ 24,70</p>\r\n<p style=\"text-align: justify; \"><strong>FINALIDADE DA VIAGEM:</strong>\u00a0Reuni\u00e3o para tratar da sa\u00fade.</p>\r\n</td>\r\n</tr>\r\n<tr>\r\n<td>\r\n<p style=\"text-align: justify; \"><strong>CIDADE/UF:\u00a0</strong>S\u00e3o Paulo/SP</p>\r\n<p style=\"text-align: justify; \"><strong>LOCAL:</strong>\u00a0ALESP</p>\r\n<p style=\"text-align: justify; \"><strong>PARTIDA:</strong>\u00a014/11/2023 \u00e0s 9:00h.</p>\r\n<p style=\"text-align: justify; \"><strong>CHEGADA:</strong>\u00a015/11/2023 \u00e0s 1:00h.</p>\r\n<p style=\"text-align: justify; \"><strong>PARLAMENTAR:</strong>\u00a0Luiz Cosme Martins de Souza\u00a0</p>\r\n<p style=\"text-align: justify; \"><strong>DESPESAS COM ALIMENTA\u00c7\u00c3O:</strong>\u00a0R$ 116,44</p>\r\n<p style=\"text-align: justify; \"><strong>FINALIDADE DA VIAGEM:</strong>\u00a0Buscar Emendas Parlamentares para o munic\u00edpio.</p>\r\n</td>\r\n</tr>\r\n<tr>\r\n<td>\r\n<p style=\"text-align: justify; \"><strong>CIDADE/UF:\u00a0</strong>S\u00e3o Jos\u00e9 do Barreiro/SP</p>\r\n<p style=\"text-align: justify; \"><strong>LOCAL:</strong>\u00a0Audit\u00f3rio da Prefeitura Municipal de S\u00e3o Jos\u00e9 do Barreiro</p>\r\n<p style=\"text-align: justify; \"><strong>PARTIDA:</strong>\u00a027/11/2023 \u00e0s 8:30h.</p>\r\n<p style=\"text-align: justify; \"><strong>CHEGADA:</strong>\u00a027/11/2023 \u00e0s 15:00h.</p>\r\n<p style=\"text-align: justify; \"><strong>PARLAMENTAR:</strong>\u00a0Matilde Nassif Koury\u00a0</p>\r\n<p style=\"text-align: justify; \"><strong>DESPESAS COM ALIMENTA\u00c7\u00c3O:</strong>\u00a0R$ 36,05</p>\r\n<p style=\"text-align: justify; \"><strong>PARLAMENTAR:</strong>\u00a0Angela Cristina Fontes Silva\u00a0</p>\r\n<p style=\"text-align: justify; \"><strong>DESPESAS COM ALIMENTA\u00c7\u00c3O:</strong>\u00a0R$ 23,06</p>\r\n<p style=\"text-align: justify; \"><strong>FINALIDADE DA VIAGEM:</strong>\u00a0Lan\u00e7amento do Projeto \u201cPlano de Desenvolvimento de Territ\u00f3rio Criativo do Vale Hist\u00f3rico\u201d.</p>\r\n</td>\r\n</tr>\r\n<tr>\r\n<td>\r\n<p style=\"text-align: justify; \"><strong>CIDADE/UF:\u00a0</strong>Cruzeiro/SP</p>\r\n<p style=\"text-align: justify; \"><strong>LOCAL:</strong>\u00a0Audit\u00f3rio Igreja Relevante</p>\r\n<p style=\"text-align: justify; \"><strong>PARTIDA:</strong>\u00a002/12/2023 \u00e0s 7:00h.</p>\r\n<p style=\"text-align: justify; \"><strong>CHEGADA:</strong>\u00a002/12/2023 \u00e0s 16:00h.</p>\r\n<p style=\"text-align: justify; \"><strong>PARLAMENTAR:</strong>\u00a0Erika Tereza Coitinho Affonso</p>\r\n<p style=\"text-align: justify; \"><strong>DESPESAS COM ALIMENTA\u00c7\u00c3O:</strong>\u00a0R$ 47,30</p>\r\n<p style=\"text-align: justify; \"><strong>FINALIDADE DA VIAGEM:</strong>\u00a0Reuni\u00e3o com o Ministro Alexandre Padilha, para tratar de assuntos relevantes ao munic\u00edpio.</p>\r\n</td>\r\n</tr>\r\n<tr>\r\n<td>\r\n<p style=\"text-align: justify; \"><strong>CIDADE/UF:\u00a0</strong>S\u00e3o Paulo/SP</p>\r\n<p style=\"text-align: justify; \"><strong>LOCAL:</strong>\u00a0ALESP</p>\r\n<p style=\"text-align: justify; \"><strong>PARTIDA:</strong>\u00a012/12/2023 \u00e0s 5:00h.</p>\r\n<p style=\"text-align: justify; \"><strong>CHEGADA:</strong>\u00a012/12/2023 \u00e0s 23:00h.</p>\r\n<p style=\"text-align: justify; \"><strong>PARLAMENTAR:</strong>\u00a0Luiz Cosme Martins de Souza</p>\r\n<p style=\"text-align: justify; \"><strong>DESPESAS COM ALIMENTA\u00c7\u00c3O:</strong>\u00a0R$ 145,80</p>\r\n<p style=\"text-align: justify; \"><strong>FINALIDADE DA VIAGEM:</strong>\u00a0Gabinete do Deputado Estadual Danilo Balas, no intuito de conseguir Emendas Parlamentares para o munic\u00edpio de Bananal-SP.</p>\r\n</td>\r\n</tr>\r\n<tr>\r\n<td>\r\n<p style=\"text-align: justify; \"><strong>CIDADE/UF:\u00a0</strong>Cunha/SP e Guaratinguet\u00e1/SP</p>\r\n<p style=\"text-align: justify; \"><strong>LOCAL:</strong>\u00a0C\u00e2maras Municipais e Prefeituras</p>\r\n<p style=\"text-align: justify; \"><strong>PARTIDA:</strong>\u00a019/12/2023 \u00e0s 6:00h.</p>\r\n<p style=\"text-align: justify; \"><strong>CHEGADA:</strong>\u00a019/12/2023 \u00e0s 22:00h.</p>\r\n<p style=\"text-align: justify; \"><strong>PARLAMENTAR:</strong>\u00a0Erika Tereza Coitinho Affonso\u00a0</p>\r\n<p style=\"text-align: justify; \"><strong>DESPESAS COM ALIMENTA\u00c7\u00c3O:</strong>\u00a0R$ 28,49</p>\r\n<p style=\"text-align: justify; \"><strong>FINALIDADE DA VIAGEM:</strong>\u00a0Reuni\u00f5es para tratar de projetos sobre sa\u00fade, assist\u00eancia social e agricultura.</p>\r\n</td>\r\n</tr>\r\n</tbody>\r\n</table>", "author_name": "", "version": "1.0", "author_url": "https://www.bananal.sp.leg.br/author/adm", "provider_name": "C\u00e2mara Municipal da Est\u00e2ncia Tur\u00edstica de Bananal", "type": "rich"}