{"provider_url": "https://www.bananal.sp.leg.br", "title": "2024", "html": "<div id=\"ag-1730220152752\"></div>\r\n<div id=\"ag-1721910769585\"></div>\r\n<table class=\"plain\">\r\n<tbody>\r\n<tr><th style=\"text-align: center; \"><strong>VIAGENS REALIZADAS PELOS PARLAMENTARES NO ANO DE 2024</strong></th></tr>\r\n<tr>\r\n<td>\r\n<p style=\"text-align: justify; \"><strong>CIDADE/UF:\u00a0</strong>Ca\u00e7apava/SP</p>\r\n<p style=\"text-align: justify; \"><strong>LOCAL:</strong>\u00a0Lions Clube</p>\r\n<p style=\"text-align: justify; \"><strong>PARTIDA:</strong>\u00a031/01/2024 \u00e0s 15:30h.</p>\r\n<p style=\"text-align: justify; \"><strong>CHEGADA:</strong>\u00a031/01/2024 \u00e0s 23:00h.</p>\r\n<p style=\"text-align: justify; \"><strong>PARLAMENTAR:</strong>\u00a0Erika Tereza Coitinho Affonso</p>\r\n<p style=\"text-align: justify; \"><strong>DESPESAS COM ALIMENTA\u00c7\u00c3O:</strong>\u00a0R$ 14,25</p>\r\n<p style=\"text-align: justify; \"><strong>FINALIDADE DA VIAGEM:</strong>\u00a0Audi\u00eancia p\u00fablica sobre usina termoel\u00e9trica.</p>\r\n</td>\r\n</tr>\r\n<tr>\r\n<td>\r\n<p style=\"text-align: justify; \"><strong>CIDADE/UF:\u00a0</strong>S\u00e3o Jos\u00e9 dos Campos/SP</p>\r\n<p style=\"text-align: justify; \"><strong>LOCAL:</strong>\u00a0CEFF Centro de Educa\u00e7\u00e3o e Forma\u00e7\u00e3o</p>\r\n<p style=\"text-align: justify; \"><strong>PARTIDA:</strong>\u00a008/02/2024 \u00e0s 4:30h.</p>\r\n<p style=\"text-align: justify; \"><strong>CHEGADA:</strong>\u00a008/02/2024 \u00e0s 20:00h.</p>\r\n<p style=\"text-align: justify; \"><strong>PARLAMENTAR:</strong>\u00a0Erika Tereza Coitinho Affonso</p>\r\n<p style=\"text-align: justify; \"><strong>DESPESAS COM ALIMENTA\u00c7\u00c3O:</strong>\u00a0R$ 91,80</p>\r\n<p><strong>PARLAMENTAR:</strong>\u00a0Osvaldo Ferreira</p>\r\n<p><strong>DESPESAS COM ALIMENTA\u00c7\u00c3O:</strong>\u00a0R$\u00a0125,85</p>\r\n<p style=\"text-align: justify; \"><strong>FINALIDADE DA VIAGEM:</strong>\u00a0Encontro de munic\u00edpios e lideran\u00e7as.</p>\r\n</td>\r\n</tr>\r\n<tr>\r\n<td>\r\n<p style=\"text-align: justify; \"><strong>CIDADE/UF:\u00a0</strong>S\u00e3o Paulo/SP</p>\r\n<p style=\"text-align: justify; \"><strong>LOCAL:</strong>\u00a0Secretaria da Mulher</p>\r\n<p style=\"text-align: justify; \"><strong>PARTIDA:</strong>\u00a023/02/2024 \u00e0s 8:00h.</p>\r\n<p style=\"text-align: justify; \"><strong>CHEGADA:</strong>\u00a024/02/2024 \u00e0s 2:30h.</p>\r\n<p style=\"text-align: justify; \"><strong>PARLAMENTAR:</strong>\u00a0Erika Tereza Coitinho Affonso</p>\r\n<p style=\"text-align: justify; \"><strong>DESPESAS COM ALIMENTA\u00c7\u00c3O:</strong>\u00a0R$ 130,92</p>\r\n<p style=\"text-align: justify; \"><strong>FINALIDADE DA VIAGEM:</strong>\u00a0Encontro com as vereadoras do Vale do Para\u00edba.</p>\r\n</td>\r\n</tr>\r\n<tr>\r\n<td style=\"text-align: justify; \">\r\n<p><strong>CIDADE/UF:\u00a0</strong>S\u00e3o Paulo/SP</p>\r\n<p><strong>LOCAL:</strong>\u00a0Pal\u00e1cio dos Bandeirantes</p>\r\n<p><strong>PARTIDA:\u00a0</strong>07/03/2024 \u00e0s 9:00h.</p>\r\n<p><strong>CHEGADA:</strong>\u00a007/032024 \u00e0s 23:30h.</p>\r\n<p><strong>PARLAMENTAR:</strong>\u00a0Victor Zoccola Amorim</p>\r\n<p><strong>DESPESAS COM ALIMENTA\u00c7\u00c3O:</strong>\u00a0R$ 151,85</p>\r\n<p><strong>FINALIDADE DA VIAGEM:</strong>\u00a0Discuss\u00e3o de investimentos em turismo e agroneg\u00f3cio.</p>\r\n</td>\r\n</tr>\r\n<tr>\r\n<td style=\"text-align: justify; \">\r\n<p><strong>CIDADE/UF:\u00a0</strong>S\u00e3o Paulo/SP</p>\r\n<p><strong>LOCAL:</strong>\u00a0Sala S\u00e3o Paulo \u2013 Pra\u00e7a J\u00falio Prestes</p>\r\n<p><strong>PARTIDA:</strong>\u00a008/03/2024 \u00e0s 3:30h.</p>\r\n<p><strong>CHEGADA:</strong>\u00a008/03/2024 \u00e0s 21:30h.</p>\r\n<p><strong>PARLAMENTAR:</strong>\u00a0Erika Tereza Coitinho Affonso</p>\r\n<p><strong>DESPESAS COM ALIMENTA\u00c7\u00c3O:</strong>\u00a0R$ 133,65</p>\r\n<p><strong>FINALIDADE DA VIAGEM:</strong>\u00a0Dia internacional da mulher e assinatura do Decreto Regulamentar que concede o auxilio aluguel a mulher v\u00edtima de viol\u00eancia dom\u00e9stica.</p>\r\n</td>\r\n</tr>\r\n<tr>\r\n<td style=\"text-align: justify; \">\r\n<p><strong>CIDADE/UF: </strong>Campos do Jord\u00e3o/SP</p>\r\n<p><strong>LOCAL:</strong>\u00a0Campos do Jord\u00e3o Convention Center</p>\r\n<p><strong>PARTIDA:</strong>\u00a011/03/2024 \u00e0s 12:00h.</p>\r\n<p><strong>CHEGADA:</strong>\u00a015/03/2024 \u00e0s 21:00h.</p>\r\n<p><strong>PARLAMENTAR:</strong>\u00a0Erika Tereza Coitinho Affonso</p>\r\n<p><strong>DESPESAS COM ALIMENTA\u00c7\u00c3O:</strong>\u00a0R$\u00a0541,10</p>\r\n<p><strong>DESPESAS COM HOSPEDAGEM:\u00a0</strong>R$ 990,00</p>\r\n<p><strong>FINALIDADE DA VIAGEM:</strong>\u00a0Participar do 66\u00ba CEM \u2013 Congresso Estadual de Munic\u00edpios.</p>\r\n</td>\r\n</tr>\r\n<tr>\r\n<td style=\"text-align: justify; \">\r\n<p><strong>CIDADE/UF:\u00a0</strong><span>S\u00e3o Paulo/SP</span></p>\r\n<p><strong>LOCAL:</strong>\u00a0ALESP</p>\r\n<p><strong>PARTIDA:</strong>\u00a001/04/2024 \u00e0s 10:00h.</p>\r\n<p><strong>CHEGADA:</strong>\u00a001/04/2024 \u00e0s 24:00h.</p>\r\n<p><strong>PARLAMENTAR:</strong>\u00a0Luiz Cosme Martins de Souza</p>\r\n<p><strong>DESPESAS COM ALIMENTA\u00c7\u00c3O:</strong>\u00a0R$ 116,80</p>\r\n<p><strong>FINALIDADE DA VIAGEM:</strong>\u00a0Buscar emendas parlamentares para o munic\u00edpio de Bananal.</p>\r\n</td>\r\n</tr>\r\n<tr>\r\n<td style=\"text-align: justify; \">\r\n<p><strong>CIDADE/UF:\u00a0</strong><span>S\u00e3o Jos\u00e9 dos Campos/SP</span></p>\r\n<p><strong>LOCAL:</strong>\u00a0C\u00e2mara Municipal</p>\r\n<p><strong>PARTIDA:</strong>\u00a004/04/2024 \u00e0s 6:00h.</p>\r\n<p><strong>CHEGADA:</strong>\u00a004/04/2024 \u00e0s 20:30h.</p>\r\n<p><strong>PARLAMENTAR:</strong>\u00a0Osvaldo Ferreira</p>\r\n<p><strong>DESPESAS COM ALIMENTA\u00c7\u00c3O:</strong>\u00a0R$ 114,95</p>\r\n<p><strong>FINALIDADE DA VIAGEM:</strong>\u00a0Participa\u00e7\u00e3o no 28\u00ba Ciclo de Debates do Tribunal de Contas do Estado de S\u00e3o Paulo.</p>\r\n</td>\r\n</tr>\r\n<tr>\r\n<td style=\"text-align: justify; \">\r\n<p><strong>CIDADE/UF:\u00a0</strong><span>S\u00e3o Paulo/SP</span></p>\r\n<p><strong>LOCAL:</strong>\u00a0Pal\u00e1cio dos Bandeirantes</p>\r\n<p><strong>PARTIDA:</strong>\u00a022/04/2024 \u00e0s 10:30h.</p>\r\n<p><strong>CHEGADA:</strong>\u00a023/04/2024 \u00e0s 2:30h.</p>\r\n<p><strong>PARLAMENTAR:</strong>\u00a0Victor Zoccola Amorim</p>\r\n<p><strong>DESPESAS COM ALIMENTA\u00c7\u00c3O:</strong>\u00a0R$ 156,10</p>\r\n<p><strong>FINALIDADE DA VIAGEM:</strong>\u00a0Reuni\u00e3o com Secret\u00e1rio Estadual de Governo, visando recursos para o munic\u00edpio de Bananal.</p>\r\n</td>\r\n</tr>\r\n<tr>\r\n<td style=\"text-align: justify; \">\r\n<p><strong>CIDADE/UF:\u00a0</strong><span>S\u00e3o Jos\u00e9 dos Campos/SP</span></p>\r\n<p><strong>LOCAL:</strong>\u00a0Santana</p>\r\n<p><strong>PARTIDA:</strong>\u00a025/05/2024 \u00e0s 6:00h.</p>\r\n<p><strong>CHEGADA:</strong>\u00a025/05/2024 \u00e0s 16:00h.</p>\r\n<p><strong>PARLAMENTAR:</strong>\u00a0Luiz Cosme Martins de Souza</p>\r\n<p><strong>DESPESAS COM ALIMENTA\u00c7\u00c3O:</strong>\u00a0R$ 91,03</p>\r\n<p><strong>FINALIDADE DA VIAGEM:</strong>\u00a0Buscar emendas para o munic\u00edpio de Bananal, com o Deputado Estadual Jorge Caruso.</p>\r\n</td>\r\n</tr>\r\n<tr>\r\n<td style=\"text-align: justify; \">\r\n<p><strong>CIDADE/UF:\u00a0</strong><span>S\u00e3o Paulo/SP</span></p>\r\n<p><strong>LOCAL:</strong>\u00a0Secretaria de Justi\u00e7a e Cidadania</p>\r\n<p><strong>PARTIDA:</strong>\u00a018/06/2024 \u00e0s 7:00h.</p>\r\n<p><strong>CHEGADA:</strong>\u00a019/06/2024 \u00e0s 0:30h.</p>\r\n<p><strong>PARLAMENTAR:</strong>\u00a0Erika Tereza Coitinho Affonso</p>\r\n<p><strong>DESPESAS COM ALIMENTA\u00c7\u00c3O:</strong>\u00a0R$ 96,00</p>\r\n<p><strong>FINALIDADE DA VIAGEM:</strong>\u00a0Protocolar of\u00edcio visando melhorias na quadra da E.M.E.F. \"Prof.\u00aa Zen\u00f3bia de Paula Ferreira\".</p>\r\n</td>\r\n</tr>\r\n<tr>\r\n<td style=\"text-align: justify; \">\r\n<p><strong>CIDADE/UF:\u00a0</strong>S\u00e3o Sebasti\u00e3o/SP</p>\r\n<p><strong>LOCAL:</strong>\u00a0Arena da praia</p>\r\n<p><strong>PARTIDA:</strong>\u00a004/06/2024 \u00e0s 6:00h.</p>\r\n<p><strong>CHEGADA:</strong>\u00a008/06/2024 \u00e0s 0:00h.</p>\r\n<p><strong>PARLAMENTAR:</strong>\u00a0Erika Tereza Coitinho Affonso</p>\r\n<p><strong>DESPESAS COM ALIMENTA\u00c7\u00c3O:</strong>\u00a0R$\u00a0521,50</p>\r\n<p><strong>DESPESAS COM HOSPEDAGEM:\u00a0</strong>R$\u00a01.648,03<b></b></p>\r\n<p><strong>PARLAMENTAR:</strong>\u00a0Victor Zoccola Amorim</p>\r\n<p><strong>DESPESAS COM ALIMENTA\u00c7\u00c3O:</strong>\u00a0R$\u00a01.116,28</p>\r\n<p><strong>DESPESAS COM HOSPEDAGEM:\u00a0</strong>R$\u00a01.163,03<b></b></p>\r\n<p><strong>PARLAMENTAR:</strong>\u00a0Jose Ricardo Rodrigues Leite Junior\u00a0</p>\r\n<p><strong>DESPESAS COM ALIMENTA\u00c7\u00c3O:</strong>\u00a0R$\u00a0808,94</p>\r\n<p><strong>DESPESAS COM HOSPEDAGEM:\u00a0</strong>R$\u00a01.133,66<b></b></p>\r\n<p><strong>FINALIDADE DA VIAGEM:</strong>\u00a0Participar do 7\u00ba Conexidades.</p>\r\n</td>\r\n</tr>\r\n<tr>\r\n<td style=\"text-align: justify; \">\r\n<p><strong>CIDADE/UF:\u00a0</strong>S\u00e3o Paulo/SP</p>\r\n<p><strong>LOCAL:</strong>\u00a0Pal\u00e1cio dos Bandeirantes</p>\r\n<p><strong>PARTIDA:</strong>\u00a002/07/2024 \u00e0s 9:00h.</p>\r\n<p><strong>CHEGADA:</strong>\u00a002/07/2024 \u00e0s 23:30h.</p>\r\n<p><strong>PARLAMENTAR:</strong>\u00a0Victor Zoccola Amorim</p>\r\n<p><strong>DESPESAS COM ALIMENTA\u00c7\u00c3O:</strong>\u00a0R$ 98,86</p>\r\n<p><strong>FINALIDADE DA VIAGEM:</strong>\u00a0Reuni\u00e3o com Secret\u00e1rio de Governo para tratar de recursos para o munic\u00edpio.</p>\r\n</td>\r\n</tr>\r\n<tr>\r\n<td style=\"text-align: justify; \">\r\n<p><strong>CIDADE/UF:\u00a0</strong>S\u00e3o Paulo/SP</p>\r\n<p><strong>LOCAL:</strong>\u00a0SEBRAE</p>\r\n<p><strong>PARTIDA:</strong>\u00a015/07/2024 \u00e0s 8:00h.</p>\r\n<p><strong>CHEGADA:</strong>\u00a015/07/2024 \u00e0s 21:30h.</p>\r\n<p><strong>PARLAMENTAR:</strong>\u00a0Erika Tereza Coitinho Affonso</p>\r\n<p><strong>DESPESAS COM ALIMENTA\u00c7\u00c3O:</strong>\u00a0R$ 81,00</p>\r\n<p><strong>FINALIDADE DA VIAGEM:</strong>\u00a0Programas de empreendedorismo.</p>\r\n</td>\r\n</tr>\r\n<tr>\r\n<td style=\"text-align: justify; \">\r\n<p><strong>CIDADE/UF:\u00a0</strong>S\u00e3o Paulo/SP</p>\r\n<p><strong>LOCAL:</strong>\u00a0ALESP</p>\r\n<p><strong>PARTIDA:</strong>\u00a019/08/2024 \u00e0s 4:30h.</p>\r\n<p><strong>CHEGADA:</strong>\u00a019/08/2024 \u00e0s 17:00h.</p>\r\n<p><strong>PARLAMENTAR:</strong>\u00a0Luiz Cosme Martins de Souza</p>\r\n<p><strong>DESPESAS COM ALIMENTA\u00c7\u00c3O:</strong>\u00a0R$ 84,73</p>\r\n<p><strong>FINALIDADE DA VIAGEM:</strong>\u00a0Buscar emendas para o munic\u00edpio de Bananal.</p>\r\n</td>\r\n</tr>\r\n<tr>\r\n<td style=\"text-align: justify; \">\r\n<p><strong>CIDADE/UF:\u00a0</strong>S\u00e3o Paulo/SP</p>\r\n<p><strong>LOCAL:</strong>\u00a0ALESP</p>\r\n<p><strong>PARTIDA:</strong>\u00a020/08/2024 \u00e0s 8:30h.</p>\r\n<p><strong>CHEGADA:</strong>\u00a020/08/2024 \u00e0s 23:00h.</p>\r\n<p><strong>PARLAMENTAR:</strong>\u00a0Angela Cristina Fontes Silva</p>\r\n<p><strong>DESPESAS COM ALIMENTA\u00c7\u00c3O:</strong>\u00a0R$ 68,50</p>\r\n<p><strong>FINALIDADE DA VIAGEM:</strong>\u00a0Agenda com Dep. Vit\u00e3o do Cachorr\u00e3o com a finalidade de conseguir um container pet para nossa cidade.</p>\r\n</td>\r\n</tr>\r\n<tr>\r\n<td style=\"text-align: justify; \">\r\n<p><strong>CIDADE/UF:\u00a0</strong>Taubat\u00e9/SP</p>\r\n<p><strong>LOCAL:</strong>\u00a0Audit\u00f3rio da DRS-17</p>\r\n<p><strong>PARTIDA:</strong>\u00a005/09/2024 \u00e0s 8:00h.</p>\r\n<p><strong>CHEGADA:</strong>\u00a005/09/2024 \u00e0s 19:00h.</p>\r\n<p><strong>PARLAMENTAR:</strong>\u00a0Erika Tereza Coitinho Affonso</p>\r\n<p><strong>DESPESAS COM ALIMENTA\u00c7\u00c3O:</strong>\u00a0R$ 97,31</p>\r\n<p><strong>FINALIDADE DA VIAGEM:</strong>\u00a0Audi\u00eancia p\u00fablica com a Deputada Bruna Furlan para tratar de assuntos relacionados ao diagnostico da sa\u00fade nos munic\u00edpios do Vale do Para\u00edba.</p>\r\n</td>\r\n</tr>\r\n<tr>\r\n<td style=\"text-align: justify; \">\r\n<p><strong>CIDADE/UF:\u00a0</strong>S\u00e3o Paulo/SP</p>\r\n<p><strong>LOCAL:</strong>\u00a0Secretaria de Seguran\u00e7a P\u00fablica</p>\r\n<p><strong>PARTIDA:</strong>\u00a022/10/2024 \u00e0s 4:00h.</p>\r\n<p><strong>CHEGADA:</strong>\u00a022/10/2024 \u00e0s 19:00h.</p>\r\n<p><strong>PARLAMENTAR:</strong>\u00a0Erika Tereza Coitinho Affonso</p>\r\n<p><strong>DESPESAS COM ALIMENTA\u00c7\u00c3O:</strong>\u00a0R$ 91,94</p>\r\n<p><strong>FINALIDADE DA VIAGEM:</strong>\u00a0Solicitar mais efetivo para a regi\u00e3o, c\u00e2meras de monitoramento e o retorno do programa N\u00facleo com a Delegada da Delegacia da Mulher.</p>\r\n</td>\r\n</tr>\r\n<tr>\r\n<td style=\"text-align: justify; \">\r\n<p><strong>CIDADE/UF:\u00a0</strong>\u00c1guas de S\u00e3o Pedro/SP</p>\r\n<p><strong>LOCAL:</strong>\u00a0Centro de Conven\u00e7\u00f5es</p>\r\n<p><strong>PARTIDA:</strong>\u00a029/10/2024 \u00e0s 5:00h.</p>\r\n<p><strong>CHEGADA:</strong>\u00a002/11/2024 \u00e0s 3:00h.</p>\r\n<p><strong>PARLAMENTAR:</strong>\u00a0Erika Tereza Coitinho Affonso</p>\r\n<p><strong>DESPESAS COM ALIMENTA\u00c7\u00c3O:</strong>\u00a0R$ 460,59</p>\r\n<p><strong>DESPESAS COM HOSPEDAGEM:\u00a0</strong><span>R$ 965,15</span></p>\r\n<p><strong>FINALIDADE DA VIAGEM:</strong>\u00a0Participar do AMPPESP Fomenta.</p>\r\n</td>\r\n</tr>\r\n<tr>\r\n<td style=\"text-align: justify; \">\r\n<p><strong>CIDADE/UF:\u00a0</strong>S\u00e3o Paulo/SP</p>\r\n<p><strong>LOCAL:</strong>\u00a0Pal\u00e1cio dos Bandeirantes</p>\r\n<p><strong>PARTIDA:</strong>\u00a011/11/2024 \u00e0s 3:30h.</p>\r\n<p><strong>CHEGADA:</strong>\u00a011/11/2024 \u00e0s 21:00h.</p>\r\n<p><strong>PARLAMENTAR:</strong>\u00a0Victor Zoccola Amorim</p>\r\n<p><strong>DESPESAS COM ALIMENTA\u00c7\u00c3O:</strong>\u00a0R$\u00a0108,75</p>\r\n<p><strong>FINALIDADE DA VIAGEM:</strong>\u00a0Reuni\u00e3o com o Secret\u00e1rio de Governo Gilberto Kassab.</p>\r\n</td>\r\n</tr>\r\n<tr>\r\n<td style=\"text-align: justify; \">\r\n<p><strong>CIDADE/UF:\u00a0</strong>S\u00e3o Paulo/SP</p>\r\n<p><strong>LOCAL:</strong>\u00a0Fiesp</p>\r\n<p><strong>PARTIDA:</strong>\u00a021/11/2024 \u00e0s 7:00h.</p>\r\n<p><strong>CHEGADA:</strong>\u00a022/11/2024 \u00e0s 0:30h.</p>\r\n<p><strong>PARLAMENTAR:</strong>\u00a0Erika Tereza Coitinho Affonso</p>\r\n<p><strong>DESPESAS COM ALIMENTA\u00c7\u00c3O:</strong>\u00a0R$ 105,40</p>\r\n<p><strong>FINALIDADE DA VIAGEM:</strong>\u00a0Reuni\u00e3o do CONFEM \u2013 21 dias de ativismo, com a finalidade de buscar parcerias junto a iniciativa privada e p\u00fablica para o desenvolvimento social no munic\u00edpio.</p>\r\n</td>\r\n</tr>\r\n<tr>\r\n<td style=\"text-align: justify; \">\r\n<p><strong>CIDADE/UF:\u00a0</strong>S\u00e3o Paulo/SP</p>\r\n<p><strong>LOCAL:</strong>\u00a0Assembleia Legislativa</p>\r\n<p><strong>PARTIDA:</strong>\u00a028/11/2024 \u00e0s 4:00h.</p>\r\n<p><strong>CHEGADA:</strong>\u00a028/11/2024 \u00e0s 22:00h.</p>\r\n<p><strong>PARLAMENTAR:</strong>\u00a0Osvaldo Ferreira</p>\r\n<p><strong>DESPESAS COM ALIMENTA\u00c7\u00c3O:</strong>\u00a0R$ 147,48</p>\r\n<p><strong>FINALIDADE DA VIAGEM:</strong>\u00a0Solicitar reuni\u00e3o com DAEE e verbas para o munic\u00edpio junto ao Deputado Marcos Dam\u00e1sio.</p>\r\n</td>\r\n</tr>\r\n<tr>\r\n<td style=\"text-align: justify; \">\r\n<p><strong>CIDADE/UF:\u00a0</strong>Cruzeiro/SP</p>\r\n<p><strong>LOCAL:</strong>\u00a0Seccional e Prefeitura Municipal</p>\r\n<p><strong>PARTIDA:</strong>\u00a029/11/2024 \u00e0s 10:00h.</p>\r\n<p><strong>CHEGADA:</strong>\u00a029/11/2024 \u00e0s 18:00h.</p>\r\n<p><strong>PARLAMENTAR:</strong>\u00a0Luiz Cosme Martins de Souza</p>\r\n<p><strong>DESPESAS COM ALIMENTA\u00c7\u00c3O:</strong>\u00a0R$ 69,00</p>\r\n<p><strong>FINALIDADE DA VIAGEM:</strong>\u00a0Reuni\u00e3o para tratar da seguran\u00e7a p\u00fablica do munic\u00edpio de Bananal.</p>\r\n</td>\r\n</tr>\r\n<tr>\r\n<td style=\"text-align: justify; \">\r\n<p><strong>CIDADE/UF:\u00a0</strong>Santo Ant\u00f4nio do Pinhal/SP</p>\r\n<p><strong>LOCAL:</strong>\u00a0Secretaria do Fundo Social</p>\r\n<p><strong>PARTIDA:</strong>\u00a009/12/2024 \u00e0s 8:00h.</p>\r\n<p><strong>CHEGADA:</strong>\u00a009/12/2024 \u00e0s 22:00h.</p>\r\n<p><strong>PARLAMENTAR:</strong>\u00a0Erika Tereza Coitinho Affonso</p>\r\n<p><strong>DESPESAS COM ALIMENTA\u00c7\u00c3O:</strong>\u00a0R$ 84,50</p>\r\n<p><strong>FINALIDADE DA VIAGEM:</strong>\u00a0Conhecer o trabalho social e a casa da juventude, bem como os projetos sociais voltado aos jovens, crian\u00e7as e idosos, para serem implantados tamb\u00e9m em nosso munic\u00edpio.</p>\r\n</td>\r\n</tr>\r\n<tr>\r\n<td style=\"text-align: justify; \">\r\n<p><strong>CIDADE/UF:\u00a0</strong>S\u00e3o Paulo/SP</p>\r\n<p><strong>LOCAL:</strong>\u00a0SP \u00c1guas</p>\r\n<p><strong>PARTIDA:</strong>\u00a010/12/2024 \u00e0s 7:00h.</p>\r\n<p><strong>CHEGADA:</strong>\u00a010/12/2024 \u00e0s 23:00h.</p>\r\n<p><strong>PARLAMENTAR:</strong>\u00a0Osvaldo Ferreira</p>\r\n<p><strong>DESPESAS COM ALIMENTA\u00c7\u00c3O:</strong>\u00a0R$ 214,56</p>\r\n<p><strong>FINALIDADE DA VIAGEM:</strong>\u00a0Desassoreamento do rio Bananal.</p>\r\n</td>\r\n</tr>\r\n<tr>\r\n<td style=\"text-align: justify; \">\r\n<p><strong>CIDADE/UF:\u00a0</strong>S\u00e3o Paulo/SP</p>\r\n<p><strong>LOCAL:</strong>\u00a0Assembleia Legislativa</p>\r\n<p><strong>PARTIDA:</strong>\u00a017/12/2024 \u00e0s 9:00h.</p>\r\n<p><strong>CHEGADA:</strong>\u00a018/12/2024 \u00e0s 1:00h.</p>\r\n<p><strong>PARLAMENTAR:</strong>\u00a0Matilde Nassif Koury</p>\r\n<p><strong>DESPESAS COM ALIMENTA\u00c7\u00c3O:</strong>\u00a0R$ 151,50</p>\r\n<p><strong>FINALIDADE DA VIAGEM:</strong>\u00a0Reuni\u00e3o com o Deputado Marcos Dam\u00e1sio.</p>\r\n</td>\r\n</tr>\r\n</tbody>\r\n</table>", "author_name": "", "version": "1.0", "author_url": "https://www.bananal.sp.leg.br/author/adm", "provider_name": "C\u00e2mara Municipal da Est\u00e2ncia Tur\u00edstica de Bananal", "type": "rich"}