{"provider_url": "https://www.bananal.sp.leg.br", "title": "2025", "html": "<table class=\"plain\">\r\n<tbody>\r\n<tr><th style=\"text-align: center; \"><strong>VIAGENS REALIZADAS PELOS PARLAMENTARES NO ANO DE 2025</strong></th></tr>\r\n<tr>\r\n<td>\r\n<p style=\"text-align: justify; \"><strong>CIDADE/UF: </strong>Taubat\u00e9/SP</p>\r\n<p style=\"text-align: justify; \"><strong>LOCAL:</strong>\u00a0Av. da Saudade, 150</p>\r\n<p style=\"text-align: justify; \"><strong>PARTIDA:</strong>\u00a021/01/2025 \u00e0s 8:00h.</p>\r\n<p style=\"text-align: justify; \"><strong>CHEGADA:</strong>\u00a021/01/2025 \u00e0s 17:00h.</p>\r\n<p style=\"text-align: justify; \"><strong>PARLAMENTAR:</strong>\u00a0Isabella Bastos Nogueira</p>\r\n<p style=\"text-align: justify; \"><strong>DESPESAS COM ALIMENTA\u00c7\u00c3O:</strong>\u00a0R$ 88,00</p>\r\n<p style=\"text-align: justify; \"><strong>FINALIDADE DA VIAGEM:</strong>\u00a0Encontro com o presidente estadual do Solidariedade, para tratar sobre emendas e pautas relacionadas ao munic\u00edpio.</p>\r\n</td>\r\n</tr>\r\n<tr>\r\n<td>\r\n<p style=\"text-align: justify; \"><strong>CIDADE/UF:\u00a0</strong>Santo Antonio do Pinhal/SP</p>\r\n<p style=\"text-align: justify; \"><strong>LOCAL:</strong>\u00a0AMVALE Mulher</p>\r\n<p style=\"text-align: justify; \"><strong>PARTIDA:</strong>\u00a029/01/2025 \u00e0s 5:00h.</p>\r\n<p style=\"text-align: justify; \"><strong>CHEGADA:</strong>\u00a029/01/2025 \u00e0s 20:30h.</p>\r\n<p style=\"text-align: justify; \"><strong>PARLAMENTAR:</strong>\u00a0Luiz Cosme Martins de Souza</p>\r\n<p style=\"text-align: justify; \"><strong>DESPESAS COM ALIMENTA\u00c7\u00c3O:</strong>\u00a0R$ 77,10</p>\r\n<p><strong>PARLAMENTAR:</strong>\u00a0\u00c1urea Am\u00e9lia de Matos Canela Bastos</p>\r\n<p><strong>DESPESAS COM ALIMENTA\u00c7\u00c3O:</strong>\u00a0R$ 22,00</p>\r\n<p style=\"text-align: justify; \"><strong>FINALIDADE DA VIAGEM:</strong>\u00a0Participar do 1\u00ba encontro da c\u00e2mara t\u00e9cnica AMVALE Mulher de 2025.</p>\r\n</td>\r\n</tr>\r\n<tr>\r\n<td>\r\n<p style=\"text-align: justify; \"><strong>CIDADE/UF:\u00a0</strong>S\u00e3o Paulo/SP</p>\r\n<p style=\"text-align: justify; \"><strong>LOCAL:</strong>\u00a0Mem\u00f3ria Am\u00e9rica Latina</p>\r\n<p style=\"text-align: justify; \"><strong>PARTIDA:</strong>\u00a005/02/2025 \u00e0s 4:30h.</p>\r\n<p style=\"text-align: justify; \"><strong>CHEGADA:</strong>\u00a005/02/2025 \u00e0s 21:30h.</p>\r\n<p style=\"text-align: justify; \"><strong>PARLAMENTAR:</strong>\u00a0<span>Luiz Cosme Martins de Souza</span></p>\r\n<p style=\"text-align: justify; \"><strong>DESPESAS COM ALIMENTA\u00c7\u00c3O:</strong>\u00a0R$ 35,80</p>\r\n<p><strong>PARLAMENTAR:</strong>\u00a0\u00c1urea Am\u00e9lia de Matos Canela Bastos</p>\r\n<p><strong>DESPESAS COM ALIMENTA\u00c7\u00c3O:</strong>\u00a0R$ 65,84</p>\r\n<p style=\"text-align: justify; \"><strong>FINALIDADE DA VIAGEM:</strong>\u00a0Participar do encontro de Deputados e Governador do Estado de S\u00e3o Paulo.</p>\r\n</td>\r\n</tr>\r\n<tr>\r\n<td>\r\n<p style=\"text-align: justify; \"><strong>CIDADE/UF:\u00a0</strong>S\u00e3o Paulo/SP</p>\r\n<p style=\"text-align: justify; \"><strong>LOCAL:</strong>\u00a0ALESP</p>\r\n<p style=\"text-align: justify; \"><strong>PARTIDA:</strong>\u00a021/02/2025 \u00e0s 6:00h.</p>\r\n<p style=\"text-align: justify; \"><strong>CHEGADA:</strong>\u00a022/02/2025 \u00e0s 2:00h.</p>\r\n<p style=\"text-align: justify; \"><strong>PARLAMENTAR:</strong>\u00a0Elisangela dos Santos Silva</p>\r\n<p style=\"text-align: justify; \"><strong>DESPESAS COM ALIMENTA\u00c7\u00c3O:</strong>\u00a0R$ 115,85</p>\r\n<p style=\"text-align: justify; \"><strong>FINALIDADE DA VIAGEM:</strong>\u00a0Encontro com secret\u00e1rios municipais de Assist\u00eancia Social.</p>\r\n</td>\r\n</tr>\r\n<tr>\r\n<td>\r\n<p style=\"text-align: justify; \"><strong>CIDADE/UF:\u00a0</strong>S\u00e3o Paulo/SP</p>\r\n<p style=\"text-align: justify; \"><strong>LOCAL:</strong>\u00a0ALESP</p>\r\n<p style=\"text-align: justify; \"><strong>PARTIDA:</strong>\u00a010/03/2025 \u00e0s 5:30h.</p>\r\n<p style=\"text-align: justify; \"><strong>CHEGADA:</strong>\u00a010/03/2025 \u00e0s 23:30h.</p>\r\n<p style=\"text-align: justify; \"><strong>PARLAMENTAR:</strong>\u00a0Luiz Cosme Martins de Souza</p>\r\n<p style=\"text-align: justify; \"><strong>DESPESAS COM ALIMENTA\u00c7\u00c3O:</strong>\u00a0R$ 94,08</p>\r\n<p style=\"text-align: justify; \"><strong>PARLAMENTAR:</strong>\u00a0\u00c1urea Am\u00e9lia de Matos Canela Bastos</p>\r\n<p style=\"text-align: justify; \"><strong>DESPESAS COM ALIMENTA\u00c7\u00c3O:</strong>\u00a0R$ 87,49</p>\r\n<p style=\"text-align: justify; \"><strong>FINALIDADE DA VIAGEM:</strong>\u00a0Buscar emendas para o munic\u00edpio de Bananal.</p>\r\n</td>\r\n</tr>\r\n<tr>\r\n<td>\r\n<p style=\"text-align: justify; \"><strong>CIDADE/UF:\u00a0</strong>Guaratinguet\u00e1/SP</p>\r\n<p style=\"text-align: justify; \"><strong>LOCAL:</strong>\u00a0Sindicato Rural</p>\r\n<p style=\"text-align: justify; \"><strong>PARTIDA:</strong>\u00a018/03/2025 \u00e0s 7:00h.</p>\r\n<p style=\"text-align: justify; \"><strong>CHEGADA:</strong>\u00a018/03/2025 \u00e0s 16:30h.</p>\r\n<p style=\"text-align: justify; \"><strong>PARLAMENTAR:</strong>\u00a0Luiz Cosme Martins de Souza</p>\r\n<p style=\"text-align: justify; \"><strong>DESPESAS COM ALIMENTA\u00c7\u00c3O:</strong>\u00a0R$ 70,85</p>\r\n<p style=\"text-align: justify; \"><strong>PARLAMENTAR:</strong>\u00a0\u00c1urea Am\u00e9lia de Matos Canela Bastos</p>\r\n<p style=\"text-align: justify; \"><strong>DESPESAS COM ALIMENTA\u00c7\u00c3O:</strong>\u00a0R$ 21,90</p>\r\n<p style=\"text-align: justify; \"><strong>FINALIDADE DA VIAGEM:</strong>\u00a0Encontro com Secret\u00e1rio Estadual de Agricultura e Abastecimento Guilherme Piai.</p>\r\n</td>\r\n</tr>\r\n<tr>\r\n<td>\r\n<p style=\"text-align: justify; \"><strong>CIDADE/UF:\u00a0</strong>Pindamonhangaba/SP</p>\r\n<p style=\"text-align: justify; \"><strong>LOCAL:</strong>\u00a0Fazenda Sapucaia</p>\r\n<p style=\"text-align: justify; \"><strong>PARTIDA:</strong>\u00a019/03/2025 \u00e0s 10:00h.</p>\r\n<p style=\"text-align: justify; \"><strong>CHEGADA:</strong>\u00a019/03/2025 \u00e0s 19:30h.</p>\r\n<p style=\"text-align: justify; \"><strong>PARLAMENTAR:</strong>\u00a0Luiz Cosme Martins de Souza</p>\r\n<p style=\"text-align: justify; \"><strong>DESPESAS COM ALIMENTA\u00c7\u00c3O:</strong>\u00a0R$ 17,50</p>\r\n<p style=\"text-align: justify; \"><strong>PARLAMENTAR:</strong>\u00a0\u00c1urea Am\u00e9lia de Matos Canela Bastos</p>\r\n<p style=\"text-align: justify; \"><strong>DESPESAS COM ALIMENTA\u00c7\u00c3O:</strong>\u00a0R$ 6,00</p>\r\n<p style=\"text-align: justify; \"><strong>FINALIDADE DA VIAGEM:</strong>\u00a0Encontro com o Deputado Estadual Itamar Borges.</p>\r\n</td>\r\n</tr>\r\n<tr>\r\n<td>\r\n<p style=\"text-align: justify; \"><strong>CIDADE/UF:\u00a0</strong><span>S\u00e3o Paulo/SP</span></p>\r\n<p style=\"text-align: justify; \"><strong>LOCAL:</strong>\u00a0ALESP</p>\r\n<p style=\"text-align: justify; \"><strong>PARTIDA:</strong>\u00a021/03/2025 \u00e0s 3:30h.</p>\r\n<p style=\"text-align: justify; \"><strong>CHEGADA:</strong>\u00a021/03/2025 \u00e0s 19:30h.</p>\r\n<p style=\"text-align: justify; \"><strong>PARLAMENTAR:</strong>\u00a0\u00c1urea Am\u00e9lia de Matos Canela Bastos</p>\r\n<p style=\"text-align: justify; \"><strong>DESPESAS COM ALIMENTA\u00c7\u00c3O:</strong>\u00a0R$ 80,12</p>\r\n<p style=\"text-align: justify; \"><strong>PARLAMENTAR:</strong>\u00a0Luiz Cosme Martins de Souza</p>\r\n<p style=\"text-align: justify; \"><strong>DESPESAS COM ALIMENTA\u00c7\u00c3O:</strong>\u00a0R$ 86,59</p>\r\n<p style=\"text-align: justify; \"><strong>FINALIDADE DA VIAGEM:</strong>\u00a0Sess\u00e3o Solene em homenagem aos integrantes das for\u00e7as de seguran\u00e7a com mandato nos poderes Executivo e Legislativo de S\u00e3o Paulo.</p>\r\n</td>\r\n</tr>\r\n<tr>\r\n<td>\r\n<p style=\"text-align: justify; \"><strong>CIDADE/UF:\u00a0</strong><span>Rio de Janeiro/RJ</span></p>\r\n<p style=\"text-align: justify; \"><strong>LOCAL:</strong>\u00a0Aeroporto Gale\u00e3o RJ</p>\r\n<p style=\"text-align: justify; \"><strong>PARTIDA:</strong>\u00a028/03/2025 \u00e0s 12:00h.</p>\r\n<p style=\"text-align: justify; \"><strong>CHEGADA:</strong>\u00a029/03/2025 \u00e0s 23:00h.</p>\r\n<p style=\"text-align: justify; \"><strong>PARLAMENTAR:</strong>\u00a0Isabella Bastos Nogueira</p>\r\n<p style=\"text-align: justify; \"><strong>DESPESAS COM ALIMENTA\u00c7\u00c3O:</strong>\u00a0R$ 22,80</p>\r\n<p style=\"text-align: justify; \"><strong>FINALIDADE DA VIAGEM:</strong>\u00a0Encontro Mulheres L\u00edderes promovido pelo partido, bem como agenda com o Deputado Paulinho da For\u00e7a, para buscar emendas para o munic\u00edpio.</p>\r\n</td>\r\n</tr>\r\n<tr>\r\n<td>\r\n<p style=\"text-align: justify; \"><strong>CIDADE/UF:\u00a0</strong><span>Taubat\u00e9/SP</span></p>\r\n<p style=\"text-align: justify; \"><strong>LOCAL:</strong>\u00a0Gran Continental Hotel</p>\r\n<p style=\"text-align: justify; \"><strong>PARTIDA:</strong>\u00a031/03/2025 \u00e0s 7:30h.</p>\r\n<p style=\"text-align: justify; \"><strong>CHEGADA:</strong>\u00a031/03/2025 \u00e0s 19:00h.</p>\r\n<p style=\"text-align: justify; \"><strong>PARLAMENTAR:</strong>\u00a0Luiz Cosme Martins de Souza</p>\r\n<p style=\"text-align: justify; \"><strong>DESPESAS COM ALIMENTA\u00c7\u00c3O:</strong>\u00a0R$ 7,00</p>\r\n<p style=\"text-align: justify; \"><strong>PARLAMENTAR:</strong>\u00a0\u00c1urea Am\u00e9lia de Matos Canela Bastos</p>\r\n<p style=\"text-align: justify; \"><strong>DESPESAS COM ALIMENTA\u00c7\u00c3O:</strong>\u00a0R$ 15,75</p>\r\n<p style=\"text-align: justify; \"><strong>FINALIDADE DA VIAGEM:</strong>\u00a0Cerim\u00f4nia de transmiss\u00e3o de cargo e posse presid\u00eancia 2025-2026.</p>\r\n</td>\r\n</tr>\r\n<tr>\r\n<td>\r\n<p><strong>CIDADE/UF:\u00a0</strong>S\u00e3o Paulo/SP</p>\r\n<p><strong>LOCAL:</strong>\u00a0ALESP</p>\r\n<p><strong>PARTIDA:</strong>\u00a001/04/2025 \u00e0s 7:30h.</p>\r\n<p><strong>CHEGADA:</strong>\u00a002/04/2025 \u00e0s 0:30h.</p>\r\n<p><strong>PARLAMENTAR:</strong>\u00a0Angela Cristina Fontes Silva</p>\r\n<p><strong>DESPESAS COM ALIMENTA\u00c7\u00c3O:</strong>\u00a0R$ 110,80</p>\r\n<p><strong>PARLAMENTAR:</strong>\u00a0Elisangela dos Santos Silva</p>\r\n<p><strong>DESPESAS COM ALIMENTA\u00c7\u00c3O:</strong>\u00a0R$ 113,80</p>\r\n<p><strong>FINALIDADE DA VIAGEM:</strong>\u00a0Reuni\u00e3o no gabinete do Deputado Estadual Vit\u00e3o do Cachorr\u00e3o visando benef\u00edcios para a cidade de Bananal-SP.</p>\r\n</td>\r\n</tr>\r\n<tr>\r\n<td>\r\n<p><strong>CIDADE/UF:\u00a0</strong>S\u00e3o Paulo/SP</p>\r\n<p><strong>LOCAL:</strong>\u00a0-</p>\r\n<p><strong>PARTIDA:</strong>\u00a002/04/2025 \u00e0s 7:30h.</p>\r\n<p><strong>CHEGADA:</strong>\u00a002/04/2025 \u00e0s 23:30h.</p>\r\n<p><strong>PARLAMENTAR:</strong>\u00a0Pedro Luiz Santos da Fonseca</p>\r\n<p><strong>DESPESAS COM ALIMENTA\u00c7\u00c3O:</strong>\u00a0R$ 187,10</p>\r\n<p><strong>PARLAMENTAR:</strong>\u00a0Elisangela dos Santos Silva</p>\r\n<p><strong>DESPESAS COM ALIMENTA\u00c7\u00c3O:</strong>\u00a0R$ 128,70</p>\r\n<p><strong>FINALIDADE DA VIAGEM:</strong><span>\u00a0Reuni\u00e3o com o Secret\u00e1rio de Governo e assessores.</span></p>\r\n</td>\r\n</tr>\r\n<tr>\r\n<td>\r\n<p><strong>CIDADE/UF:\u00a0</strong>S\u00e3o Paulo/SP</p>\r\n<p><strong>LOCAL:</strong>\u00a0ALESP</p>\r\n<p><strong>PARTIDA:</strong>\u00a004/04/2025 \u00e0s 4:30h.</p>\r\n<p><strong>CHEGADA:</strong>\u00a004/04/2025 \u00e0s 20:30h.</p>\r\n<p><strong>PARLAMENTAR:</strong>\u00a0Isabella Bastos Nogueira</p>\r\n<p><strong>DESPESAS COM ALIMENTA\u00c7\u00c3O:</strong>\u00a0R$ 163,34</p>\r\n<p><strong>FINALIDADE DA VIAGEM:</strong><span>\u00a0Reuni\u00e3o na ALESP com Deputado Rafael Saraiva.</span></p>\r\n</td>\r\n</tr>\r\n<tr>\r\n<td>\r\n<p><strong>CIDADE/UF:\u00a0</strong>S\u00e3o Jos\u00e9 dos Campos/SP</p>\r\n<p><strong>LOCAL:</strong>\u00a0<span>Av. Dr. N\u00e9lson d'\u00c1vila, 933, Hotel Astro</span></p>\r\n<p><strong>PARTIDA:</strong>\u00a009/04/2025 \u00e0s 6:00h.</p>\r\n<p><strong>CHEGADA:</strong>\u00a009/04/2025 \u00e0s 17:00h.</p>\r\n<p><strong>PARLAMENTAR:</strong>\u00a0Luiz Cosme Martins de Souza</p>\r\n<p><strong>DESPESAS COM ALIMENTA\u00c7\u00c3O:</strong>\u00a0R$ 57,99</p>\r\n<p><strong>FINALIDADE DA VIAGEM:</strong><span>\u00a0Reuni\u00e3o com assessoria do Deputado Delegado Olim.</span></p>\r\n</td>\r\n</tr>\r\n<tr>\r\n<td>\r\n<p><strong><b>\"VIAGEM NO VE\u00cdCULO DO PODER EXECUTIVO NO DIA 09/04/2025\"</b></strong></p>\r\n<p><strong>CIDADE/UF:\u00a0</strong>S\u00e3o Paulo/SP</p>\r\n<p><strong>PARLAMENTAR:</strong><span>\u00a0Angela Cristina Fontes Silva</span></p>\r\n<p><strong>DESPESAS COM ALIMENTA\u00c7\u00c3O:</strong>\u00a0R$ 71,39</p>\r\n<p><strong>PARLAMENTAR:</strong>\u00a0Elisangela dos Santos Silva</p>\r\n<p><strong>DESPESAS COM ALIMENTA\u00c7\u00c3O:</strong>\u00a0R$ 112,17</p>\r\n</td>\r\n</tr>\r\n<tr>\r\n<td>\r\n<p><strong>CIDADE/UF:\u00a0</strong>S\u00e3o Paulo/SP</p>\r\n<p><strong>LOCAL:</strong>\u00a0ALESP</p>\r\n<p><strong>PARTIDA:</strong>\u00a015/04/2025 \u00e0s 7:00h.</p>\r\n<p><strong>CHEGADA:</strong>\u00a015/04/2025 \u00e0s 23:30h.</p>\r\n<p><strong>PARLAMENTAR:</strong>\u00a0Luiz Cosme Martins de Souza</p>\r\n<p><strong>DESPESAS COM ALIMENTA\u00c7\u00c3O:</strong>\u00a0R$ 104,46</p>\r\n<p><strong>PARLAMENTAR:</strong>\u00a0\u00c1urea Am\u00e9lia de Matos Canela Bastos</p>\r\n<p><strong>DESPESAS COM ALIMENTA\u00c7\u00c3O:</strong>\u00a0R$ 37,30</p>\r\n<p><strong>FINALIDADE DA VIAGEM:</strong>\u00a0Reuni\u00e3o com Deputado Caruso, para tratar de emendas parlamentares.</p>\r\n</td>\r\n</tr>\r\n<tr>\r\n<td>\r\n<p><strong>CIDADE/UF:\u00a0</strong>S\u00e3o Jos\u00e9 dos Campos/SP</p>\r\n<p><strong>LOCAL:</strong>\u00a0Escrit\u00f3rio Regional Dep. Delegado Olim</p>\r\n<p><strong>PARTIDA:</strong>\u00a016/04/2025 \u00e0s 6:00h.</p>\r\n<p><strong>CHEGADA:</strong>\u00a016/04/2025 \u00e0s 20:30h.</p>\r\n<p><strong>PARLAMENTAR:</strong>\u00a0\u00c1urea Am\u00e9lia de Matos Canela Bastos</p>\r\n<p><strong>DESPESAS COM ALIMENTA\u00c7\u00c3O:</strong>\u00a0R$ 49,15</p>\r\n<p><strong>FINALIDADE DA VIAGEM:</strong><span>\u00a0Reuni\u00e3o para tratarmos de destina\u00e7\u00e3o de emendas parlamentares.</span></p>\r\n</td>\r\n</tr>\r\n<tr>\r\n<td>\r\n<p><strong>CIDADE/UF:\u00a0</strong>S\u00e3o Paulo/SP</p>\r\n<p><strong>LOCAL:</strong>\u00a0Escrit\u00f3rio do Deputado Antonio Carlos</p>\r\n<p><strong>PARTIDA:</strong>\u00a028/04/2025 \u00e0s 4:30h.</p>\r\n<p><strong>CHEGADA:</strong>\u00a028/04/2025 \u00e0s 18:00h.</p>\r\n<p><strong>PARLAMENTAR:</strong>\u00a0Karyna Claudia Barros Rodrigues</p>\r\n<p><strong>DESPESAS COM ALIMENTA\u00c7\u00c3O:</strong>\u00a0R$ 107,17</p>\r\n<p><strong>FINALIDADE DA VIAGEM:</strong><span>\u00a0Reuni\u00e3o para tratar de emendas parlamentares.</span></p>\r\n</td>\r\n</tr>\r\n<tr>\r\n<td>\r\n<p><b>CIDADE/UF:\u00a0</b>S\u00e3o Paulo/SP</p>\r\n<p><b>LOCAL:</b>\u00a0ALESP</p>\r\n<p><b>PARTIDA:</b>\u00a006/05/2025 \u00e0s 7:00h.</p>\r\n<p><b>CHEGADA:</b>\u00a006/05/2025 \u00e0s 19:00h.</p>\r\n<p><b>PARLAMENTAR:</b>\u00a0Isabella Bastos Nogueira</p>\r\n<p><b>DESPESAS COM ALIMENTA\u00c7\u00c3O:</b>\u00a0R$ 121,09</p>\r\n<p style=\"text-align: justify; \"><strong><b>FINALIDADE DA VIAGEM:</b></strong>\u00a0Reuni\u00e3o com Deputado Rafael Saraiva para buscar recursos para o munic\u00edpio.</p>\r\n</td>\r\n</tr>\r\n<tr>\r\n<td>\r\n<p><b>CIDADE/UF:\u00a0</b>S\u00e3o Paulo/SP</p>\r\n<p><b>LOCAL:</b>\u00a0Secretaria de Turismo do Estado</p>\r\n<p><b>PARTIDA:</b>\u00a013/05/2025 \u00e0s 3:30h.</p>\r\n<p><b>CHEGADA:</b>\u00a013/05/2025 \u00e0s 20:00h.</p>\r\n<p><b>PARLAMENTAR:</b>\u00a0Luiz Cosme Martins de Souza</p>\r\n<p><b>DESPESAS COM ALIMENTA\u00c7\u00c3O:</b>\u00a0R$ 142,25</p>\r\n<p><b>PARLAMENTAR:</b>\u00a0\u00c1urea Am\u00e9lia de Matos Canela Bastos</p>\r\n<p><b>DESPESAS COM ALIMENTA\u00c7\u00c3O:</b>\u00a0R$ 39,15</p>\r\n<p><b><b>FINALIDADE DA VIAGEM:</b>\u00a0</b>Tentar recursos para Bananal com o Secret\u00e1rio Roberto de Lucena.</p>\r\n</td>\r\n</tr>\r\n<tr>\r\n<td>\r\n<p><b>CIDADE/UF:\u00a0</b>Guaratinguet\u00e1/SP</p>\r\n<p><b>LOCAL:</b>\u00a0TCE</p>\r\n<p><b>PARTIDA:</b>\u00a014/05/2025 \u00e0s 7:00h.</p>\r\n<p><b>CHEGADA:</b>\u00a014/05/2025 \u00e0s 15:00h.</p>\r\n<p><b>PARLAMENTAR:</b>\u00a0Pedro Luiz Santos da Fonseca</p>\r\n<p><b>DESPESAS COM ALIMENTA\u00c7\u00c3O:</b>\u00a0R$ 90,86</p>\r\n<p><b>PARLAMENTAR:</b>\u00a0Isabella Bastos Nogueira</p>\r\n<p><b>DESPESAS COM ALIMENTA\u00c7\u00c3O:</b>\u00a0R$ 94,81</p>\r\n<p><b><b>FINALIDADE DA VIAGEM:</b>\u00a0</b>Reuni\u00e3o para tratar de assuntos relativos ao munic\u00edpio.</p>\r\n</td>\r\n</tr>\r\n<tr>\r\n<td>\r\n<p><b>CIDADE/UF:\u00a0</b>S\u00e3o Paulo/SP</p>\r\n<p><b>LOCAL:</b>\u00a0Pal\u00e1cio dos Bandeirantes</p>\r\n<p><b>PARTIDA:</b>\u00a020/05/2025 \u00e0s 3:30h.</p>\r\n<p><b>CHEGADA:</b>\u00a020/05/2025 \u00e0s 22:30h.</p>\r\n<p><b>PARLAMENTAR:</b>\u00a0\u00c1urea Am\u00e9lia de Matos Canela Bastos</p>\r\n<p><b>DESPESAS COM ALIMENTA\u00c7\u00c3O:</b>\u00a0R$ 79,19</p>\r\n<p><b><b>FINALIDADE DA VIAGEM:</b>\u00a0</b>Participar do lan\u00e7amento do programa de supera\u00e7\u00e3o da pobreza.</p>\r\n</td>\r\n</tr>\r\n<tr>\r\n<td>\r\n<p><b>CIDADE/UF:\u00a0</b>S\u00e3o Paulo/SP</p>\r\n<p><b>LOCAL:</b>\u00a0ALESP</p>\r\n<p><b>PARTIDA:</b>\u00a027/05/2025 \u00e0s 8:00h.</p>\r\n<p><b>CHEGADA:</b>\u00a027/05/2025 \u00e0s 22:30h.</p>\r\n<p><b>PARLAMENTAR:</b>\u00a0Luiz Cosme Martins de Souza</p>\r\n<p><b>DESPESAS COM ALIMENTA\u00c7\u00c3O:</b>\u00a0R$ 97,87</p>\r\n<p><b>PARLAMENTAR:</b>\u00a0\u00c1urea Am\u00e9lia de Matos Canela Bastos</p>\r\n<p><b>DESPESAS COM ALIMENTA\u00c7\u00c3O:</b>\u00a0R$ 0,00</p>\r\n<p style=\"text-align: justify; \"><b><b>FINALIDADE DA VIAGEM:</b>\u00a0</b>Tratar de emendas parlamentares no gabinete do Deputado Jorge Caruso.</p>\r\n</td>\r\n</tr>\r\n<tr>\r\n<td>\r\n<p><b>CIDADE/UF:\u00a0</b>S\u00e3o Paulo/SP</p>\r\n<p><b>LOCAL:</b>\u00a0ALESP</p>\r\n<p><b>PARTIDA:</b>\u00a029/05/2025 \u00e0s 8:00h.</p>\r\n<p><b>CHEGADA:</b>\u00a029/05/2025 \u00e0s 22:00h.</p>\r\n<p><b>PARLAMENTAR:</b>\u00a0Eres Helena da Rocha</p>\r\n<p><b>DESPESAS COM ALIMENTA\u00c7\u00c3O:</b>\u00a0R$ 186,05</p>\r\n<p><b><b>FINALIDADE DA VIAGEM:</b>\u00a0</b>Reuni\u00e3o com o Deputado Daniel Soares.</p>\r\n</td>\r\n</tr>\r\n<tr>\r\n<td>\r\n<p><b>CIDADE/UF:\u00a0</b>Santo Ant\u00f4nio do Pinhal/SP</p>\r\n<p><b>LOCAL:</b>\u00a0Audit\u00f3rio do Centro Educacional Integrado</p>\r\n<p><b>PARTIDA:</b>\u00a002/06/2025 \u00e0s 6:00h.</p>\r\n<p><b>CHEGADA:</b>\u00a002/06/2025 \u00e0s 19:30h.</p>\r\n<p><b>PARLAMENTAR:</b>\u00a0Luiz Cosme Martins de Souza</p>\r\n<p><b>DESPESAS COM ALIMENTA\u00c7\u00c3O:</b>\u00a0R$ 50,00</p>\r\n<p><b><b>FINALIDADE DA VIAGEM:</b>\u00a0</b>Participar do 29\u00ba Ciclo de Debates com o TCE-SP.</p>\r\n</td>\r\n</tr>\r\n<tr>\r\n<td>\r\n<p><b>CIDADE/UF:\u00a0</b>S\u00e3o Paulo/SP</p>\r\n<p><b>LOCAL:</b>\u00a0D.E.R.</p>\r\n<p><b>PARTIDA:</b>\u00a004/06/2025 \u00e0s 8:00h.</p>\r\n<p><b>CHEGADA:</b>\u00a004/06/2025 \u00e0s 20:00h.</p>\r\n<p><b>PARLAMENTAR:</b>\u00a0Luiz Cosme Martins de Souza</p>\r\n<p><b>DESPESAS COM ALIMENTA\u00c7\u00c3O:</b>\u00a0R$ 104,40</p>\r\n<p><b>PARLAMENTAR:</b>\u00a0\u00c1urea Am\u00e9lia de Matos Canela Bastos</p>\r\n<p><b>DESPESAS COM ALIMENTA\u00c7\u00c3O:</b>\u00a0R$ 92,76</p>\r\n<p><b><b>FINALIDADE DA VIAGEM:</b>\u00a0</b>Reuni\u00e3o com a diretoria do D.E.R..</p>\r\n</td>\r\n</tr>\r\n<tr>\r\n<td>\r\n<p><b>CIDADE/UF:\u00a0</b>Pira\u00ed/RJ</p>\r\n<p><b>LOCAL:</b>\u00a0C\u00e2mara Municipal de Pira\u00ed</p>\r\n<p><b>PARTIDA:</b>\u00a016/06/2025 \u00e0s 13:00h.</p>\r\n<p><b>CHEGADA:</b>\u00a016/06/2025 \u00e0s 19:00h.</p>\r\n<p><b>PARLAMENTAR:</b>\u00a0Elisangela dos Santos Silva</p>\r\n<p><b>DESPESAS COM ALIMENTA\u00c7\u00c3O:</b>\u00a0R$ 62,20</p>\r\n<p><b><b>FINALIDADE DA VIAGEM:</b>\u00a0</b>Reuni\u00e3o com o Vereador Dr. Evandro Soriano.</p>\r\n</td>\r\n</tr>\r\n<tr>\r\n<td>\r\n<p style=\"text-align: justify; \"><b>CIDADE/UF:\u00a0</b>S\u00e3o Paulo/SP</p>\r\n<p style=\"text-align: justify; \"><b>LOCAL:</b>\u00a0Gabinete do Deputado Marcos Dam\u00e1sio</p>\r\n<p style=\"text-align: justify; \"><b>PARTIDA:</b>\u00a017/06/2025 \u00e0s 9:00h.</p>\r\n<p style=\"text-align: justify; \"><b>CHEGADA:</b>\u00a017/06/2025 \u00e0s 24:00h.</p>\r\n<p style=\"text-align: justify; \"><b>PARLAMENTAR:</b>\u00a0Karyna Claudia Barros Rodrigues</p>\r\n<p style=\"text-align: justify; \"><b>DESPESAS COM ALIMENTA\u00c7\u00c3O:</b>\u00a0R$ 100,50</p>\r\n<p style=\"text-align: justify; \"><b><b>FINALIDADE DA VIAGEM:</b>\u00a0</b>Reuni\u00e3o para tratar de emendas parlamentares.</p>\r\n</td>\r\n</tr>\r\n<tr>\r\n<td>\r\n<p style=\"text-align: justify; \"><b>CIDADE/UF:\u00a0</b>S\u00e3o Paulo/SP</p>\r\n<p style=\"text-align: justify; \"><b>LOCAL:</b>\u00a0ALESP</p>\r\n<p style=\"text-align: justify; \"><b>PARTIDA:</b>\u00a023/06/2025 \u00e0s 3:00h.</p>\r\n<p style=\"text-align: justify; \"><b>CHEGADA:</b>\u00a023/06/2025 \u00e0s 22:30h.</p>\r\n<p style=\"text-align: justify; \"><b>PARLAMENTAR:</b>\u00a0Ednaldo Valim Cabral</p>\r\n<p style=\"text-align: justify; \"><b>DESPESAS COM ALIMENTA\u00c7\u00c3O:</b>\u00a0R$ 113,14</p>\r\n<p style=\"text-align: justify; \"><b><b>FINALIDADE DA VIAGEM:</b>\u00a0</b>Agenda com deputados para tratar de assuntos de interesse do munic\u00edpio.</p>\r\n</td>\r\n</tr>\r\n<tr>\r\n<td>\r\n<p style=\"text-align: justify; \"><b>CIDADE/UF:\u00a0</b>Cruzeiro/SP</p>\r\n<p style=\"text-align: justify; \"><b>LOCAL:</b>\u00a0Par\u00f3quia Imaculada Concei\u00e7\u00e3o</p>\r\n<p style=\"text-align: justify; \"><b>PARTIDA:</b>\u00a005/07/2025 \u00e0s 6:00h.</p>\r\n<p style=\"text-align: justify; \"><b>CHEGADA:</b>\u00a005/07/2025 \u00e0s 17:00h.</p>\r\n<p style=\"text-align: justify; \"><b>PARLAMENTAR:</b>\u00a0Elisangela dos Santos Silva</p>\r\n<p style=\"text-align: justify; \"><b>DESPESAS COM ALIMENTA\u00c7\u00c3O:</b>\u00a0R$ 88,70</p>\r\n<p style=\"text-align: justify; \"><b><b>FINALIDADE DA VIAGEM:</b>\u00a0</b>Participar da solene celebra\u00e7\u00e3o da instala\u00e7\u00e3o da Bas\u00edlica.</p>\r\n</td>\r\n</tr>\r\n<tr>\r\n<td>\r\n<p style=\"text-align: justify; \"><b>CIDADE/UF:\u00a0</b>S\u00e3o Paulo/SP</p>\r\n<p style=\"text-align: justify; \"><b>LOCAL:</b>\u00a0ALESP</p>\r\n<p style=\"text-align: justify; \"><b>PARTIDA:</b>\u00a014/07/2025 \u00e0s 6:30h.</p>\r\n<p style=\"text-align: justify; \"><b>CHEGADA:</b>\u00a014/07/2025 \u00e0s 23:00h.</p>\r\n<p style=\"text-align: justify; \"><b>PARLAMENTAR:</b>\u00a0Ednaldo Valim Cabral</p>\r\n<p style=\"text-align: justify; \"><b>DESPESAS COM ALIMENTA\u00c7\u00c3O:</b>\u00a0R$ 135,43</p>\r\n<p style=\"text-align: justify; \"><b><b>FINALIDADE DA VIAGEM:</b>\u00a0</b>Reuni\u00e3o no gabinete do Deputado Carl\u00e3o Pignatari.</p>\r\n</td>\r\n</tr>\r\n<tr>\r\n<td>\r\n<p><b>CIDADE/UF: I</b>lhabela/SP</p>\r\n<p><b>LOCAL:</b>\u00a0Pa\u00e7o Municipal</p>\r\n<p><b>PARTIDA:</b>\u00a018/08/2025 \u00e0s 2:30h.</p>\r\n<p><b>CHEGADA:</b>\u00a018/08/2025 \u00e0s 20:30h.</p>\r\n<p><b>PARLAMENTAR:</b>\u00a0Elisangela dos Santos Silva</p>\r\n<p><b>DESPESAS COM ALIMENTA\u00c7\u00c3O:</b>\u00a0R$ 172,00</p>\r\n<p><b><b>FINALIDADE DA VIAGEM:</b></b>\u00a0Participar do encontro de lideran\u00e7as femininas.</p>\r\n</td>\r\n</tr>\r\n<tr>\r\n<td>\r\n<p><b>CIDADE/UF:\u00a0</b>S\u00e3o Paulo/SP</p>\r\n<p><b>LOCAL:</b>\u00a0ALESP</p>\r\n<p><b>PARTIDA:</b>\u00a020/08/2025 \u00e0s 2:00h.</p>\r\n<p><b>CHEGADA:</b>\u00a020/08/2025 \u00e0s 23:30h.</p>\r\n<p><b>PARLAMENTAR:</b>\u00a0Isabella Bastos Nogueira</p>\r\n<p><b>DESPESAS COM ALIMENTA\u00c7\u00c3O:</b>\u00a0R$ 178,76</p>\r\n<p><b><b>FINALIDADE DA VIAGEM:</b>\u00a0</b>Buscar recursos para o munic\u00edpio, reuni\u00e3o Alesp e com o presidente estadual do partido.</p>\r\n</td>\r\n</tr>\r\n<tr>\r\n<td>\r\n<p><b>CIDADE/UF:\u00a0</b>S\u00e3o Luiz do Paraitinga/SP</p>\r\n<p><b>LOCAL:</b>\u00a0C\u00e2mara Municipal</p>\r\n<p><b>PARTIDA:</b>\u00a022/08/2025 \u00e0s 6:30h.</p>\r\n<p><b>CHEGADA:</b>\u00a022/08/2025 \u00e0s 17:00h.</p>\r\n<p><b>PARLAMENTAR:</b>\u00a0Luiz Cosme Martins de Souza</p>\r\n<p><b>DESPESAS COM ALIMENTA\u00c7\u00c3O:</b>\u00a0R$ 81,27</p>\r\n<p><b><b>FINALIDADE DA VIAGEM:</b>\u00a0</b>Participar de reuni\u00e3o com o conselheiro do TCE Marco Bertaiolli.</p>\r\n</td>\r\n</tr>\r\n<tr>\r\n<td>\r\n<p><b>CIDADE/UF:\u00a0</b>S\u00e3o Paulo/SP</p>\r\n<p><b>LOCAL:</b>\u00a0Arena Pacaembu</p>\r\n<p><b>PARTIDA:</b>\u00a026/08/2025 \u00e0s 4:00h.</p>\r\n<p><b>CHEGADA:</b>\u00a026/08/2025 \u00e0s 23:00h.</p>\r\n<p><b>PARLAMENTAR:</b>\u00a0Elisangela dos Santos Silva</p>\r\n<p><b>DESPESAS COM ALIMENTA\u00c7\u00c3O:</b>\u00a0R$ 122,50</p>\r\n<p><b><b>FINALIDADE DA VIAGEM:</b>\u00a0</b>Participar do 67\u00ba Congresso Estadual de Munic\u00edpios.</p>\r\n</td>\r\n</tr>\r\n<tr>\r\n<td>\r\n<p><b>CIDADE/UF:\u00a0</b>S\u00e3o Paulo/SP</p>\r\n<p><b>LOCAL:</b>\u00a0<span>Arena Pacaembu</span></p>\r\n<p><b>PARTIDA:</b>\u00a027/08/2025 \u00e0s 9:00h.</p>\r\n<p><b>CHEGADA:</b>\u00a027/08/2025 \u00e0s 22:30h.</p>\r\n<p><b>PARLAMENTAR:</b>\u00a0<span>Elisangela dos Santos Silva</span></p>\r\n<p><b>DESPESAS COM ALIMENTA\u00c7\u00c3O:</b>\u00a0R$ 162,80</p>\r\n<p><b><b>FINALIDADE DA VIAGEM:</b>\u00a0</b>Participar do 67\u00ba Congresso Estadual de Munic\u00edpios.</p>\r\n</td>\r\n</tr>\r\n<tr>\r\n<td>\r\n<p><strong>CIDADE/UF:\u00a0</strong>Bras\u00edlia/DF</p>\r\n<p><strong>LOCAL:</strong>\u00a0\"Aeroporto Gale\u00e3o - Rio de Janeiro/RJ\"</p>\r\n<p><strong>PARTIDA:</strong>\u00a025/08/2025 \u00e0s 9:30h.</p>\r\n<p><strong>CHEGADA:</strong>\u00a028/08/2023 \u00e0s 23:30h.</p>\r\n<p><strong>PARLAMENTAR:</strong>\u00a0Luiz Cosme Martins de Souza</p>\r\n<p><strong>DESPESAS COM ALIMENTA\u00c7\u00c3O:</strong>\u00a0R$ 447,50</p>\r\n<p><strong>DESPESAS COM HOSPEDAGEM:</strong>\u00a0R$ 1.650,00</p>\r\n<p><strong>DESPESAS COM PASSAGEM A\u00c9REA:</strong><span>\u00a0R$\u00a0<span>1.612,54</span></span></p>\r\n<p><span><strong>DESPESAS COM LOCOMO\u00c7\u00c3O:</strong><span>\u00a0R$ 192,00</span></span></p>\r\n<p><span><span><strong>DESPESAS COM INSCRI\u00c7\u00c3O DO EVENTO:</strong><span>\u00a0R$ 1.440,00</span></span></span></p>\r\n<p><strong>PARLAMENTAR:</strong>\u00a0\u00c1urea Am\u00e9lia de Matos Canela Bastos</p>\r\n<p><strong>DESPESAS COM ALIMENTA\u00c7\u00c3O:</strong>\u00a0R$ 394,90</p>\r\n<p><strong>DESPESAS COM HOSPEDAGEM:</strong>\u00a0R$\u00a0<span>1.650,00</span></p>\r\n<p><strong>DESPESAS COM PASSAGEM A\u00c9REA:</strong>\u00a0R$\u00a0<span>1.612,54</span></p>\r\n<p><strong>DESPESAS COM LOCOMO\u00c7\u00c3O:</strong>\u00a0R$ 0,00</p>\r\n<p><strong>DESPESAS COM INSCRI\u00c7\u00c3O DO EVENTO:</strong><span>\u00a0R$ 1.440,00</span></p>\r\n<p><strong>PARLAMENTAR:</strong>\u00a0Ednaldo Valim Cabral</p>\r\n<p><strong>DESPESAS COM ALIMENTA\u00c7\u00c3O:</strong>\u00a0R$ 571,81</p>\r\n<p><strong>DESPESAS COM HOSPEDAGEM:</strong>\u00a0R$\u00a0<span>1.650,00</span></p>\r\n<p><strong>DESPESAS COM PASSAGEM A\u00c9REA:</strong>\u00a0R$ 1.612,54</p>\r\n<p><strong>DESPESAS COM LOCOMO\u00c7\u00c3O:</strong>\u00a0R$ 80,89</p>\r\n<p><strong>DESPESAS COM INSCRI\u00c7\u00c3O DO EVENTO:</strong><span>\u00a0R$ 1.440,00</span></p>\r\n<p><strong>FINALIDADE DA VIAGEM:</strong>\u00a0III SEMANA NACIONAL DO PODER LEGISLATIVO.</p>\r\n</td>\r\n</tr>\r\n<tr>\r\n<td>\r\n<p><b>CIDADE/UF:\u00a0</b>S\u00e3o Paulo/SP</p>\r\n<p><b>LOCAL:</b>\u00a0Secretaria de Habita\u00e7\u00e3o do Estado de S\u00e3o Paulo</p>\r\n<p><b>PARTIDA:</b>\u00a002/09/2025 \u00e0s 7:00h.</p>\r\n<p><b>CHEGADA:</b>\u00a002/09/2025 \u00e0s 22:00h.</p>\r\n<p><b>PARLAMENTAR:</b>\u00a0Luiz Cosme Martins de Souza</p>\r\n<p><b>DESPESAS COM ALIMENTA\u00c7\u00c3O:</b>\u00a0R$ 103,88</p>\r\n<p><b>PARLAMENTAR:</b>\u00a0\u00c1urea Am\u00e9lia de Matos Canela Bastos</p>\r\n<p><b>DESPESAS COM ALIMENTA\u00c7\u00c3O:</b>\u00a0R$ 61,65</p>\r\n<p><b><b>FINALIDADE DA VIAGEM:</b>\u00a0</b>Tratar sobre as casas populares para Bananal.</p>\r\n</td>\r\n</tr>\r\n<tr>\r\n<td>\r\n<p><b><strong>\"VIAGEM NO VE\u00cdCULO DO PODER EXECUTIVO NO DIA 12/09/2025\"</strong></b></p>\r\n<p><b>CIDADE/UF:\u00a0</b>S\u00e3o Paulo/SP</p>\r\n<p><b>PARLAMENTAR:</b><span>\u00a0Eres Helena da Rocha</span></p>\r\n<p><b>DESPESAS COM ALIMENTA\u00c7\u00c3O:</b>\u00a0R$ 126,55</p>\r\n</td>\r\n</tr>\r\n<tr>\r\n<td>\r\n<p><b>CIDADE/UF:\u00a0</b>S\u00e3o Paulo/SP</p>\r\n<p><b>LOCAL:</b>\u00a0Escrit\u00f3rio Politico Deputado Bruno Lima</p>\r\n<p><b>PARTIDA:</b>\u00a015/09/2025 \u00e0s 4:30h.</p>\r\n<p><b>CHEGADA:</b>\u00a015/09/2025 \u00e0s 18:00h.</p>\r\n<p><b>PARLAMENTAR:</b>\u00a0Isabella Bastos Nogueira</p>\r\n<p><b>DESPESAS COM ALIMENTA\u00c7\u00c3O:</b>\u00a0R$ 135,50</p>\r\n<p><b><b>FINALIDADE DA VIAGEM:</b>\u00a0</b>Reuni\u00e3o agendada e encontro com o Deputado Delegado Bruno Lima.</p>\r\n</td>\r\n</tr>\r\n<tr>\r\n<td>\r\n<p><b>CIDADE/UF:\u00a0</b>S\u00e3o Paulo/SP</p>\r\n<p><b>LOCAL:</b>\u00a0Delegacia Geral e ALESP</p>\r\n<p><b>PARTIDA:</b>\u00a017/09/2025 \u00e0s 6:00h.</p>\r\n<p><b>CHEGADA:</b>\u00a017/09/2025 \u00e0s 22:00h.</p>\r\n<p><b>PARLAMENTAR:</b>\u00a0Luiz Cosme Martins de Souza</p>\r\n<p><b>DESPESAS COM ALIMENTA\u00c7\u00c3O:</b>\u00a0R$ 159,75</p>\r\n<p><b>PARLAMENTAR:</b>\u00a0\u00c1urea Am\u00e9lia de Matos Canela Bastos</p>\r\n<p><b>DESPESAS COM ALIMENTA\u00c7\u00c3O:</b>\u00a0R$ 115,05</p>\r\n<p><b><b>FINALIDADE DA VIAGEM:</b>\u00a0</b>Reuni\u00e3o sobre seguran\u00e7a p\u00fablica e buscar emendas para o munic\u00edpio.</p>\r\n</td>\r\n</tr>\r\n<tr>\r\n<td>\r\n<p><b>CIDADE/UF:\u00a0</b>S\u00e3o Paulo/SP</p>\r\n<p><b>LOCAL:</b>\u00a0Av. Ruben Berta, 1499</p>\r\n<p><b>PARTIDA:</b>\u00a022/09/2025 \u00e0s 5:30h.</p>\r\n<p><b>CHEGADA:</b>\u00a022/09/2025 \u00e0s 21:30h.</p>\r\n<p><b>PARLAMENTAR:</b>\u00a0Elisangela dos Santos Silva</p>\r\n<p><b>DESPESAS COM ALIMENTA\u00c7\u00c3O:</b>\u00a0R$ 187,40</p>\r\n<p><b><b>FINALIDADE DA VIAGEM:</b>\u00a0</b>Agenda com Deputado Carlos Antonio Rodrigues.</p>\r\n</td>\r\n</tr>\r\n<tr>\r\n<td>\r\n<p><b>CIDADE/UF:\u00a0</b>Campinas/SP</p>\r\n<p><b>LOCAL:</b>\u00a0-</p>\r\n<p><b>PARTIDA:</b>\u00a023/09/2025 \u00e0s 3:30h.</p>\r\n<p><b>CHEGADA:</b>\u00a023/09/2025 \u00e0s 22:30h.</p>\r\n<p><b>PARLAMENTAR:</b>\u00a0Eres Helena da Rocha</p>\r\n<p><b>DESPESAS COM ALIMENTA\u00c7\u00c3O:</b>\u00a0R$ 137,40</p>\r\n<p><b><b>FINALIDADE DA VIAGEM:</b>\u00a0</b>Encontro com Deputado Daniel Soares para receber p\u00e1 carregadeira.</p>\r\n</td>\r\n</tr>\r\n<tr>\r\n<td>\r\n<p><b>CIDADE/UF:\u00a0</b>S\u00e3o Jos\u00e9 dos Campos/SP</p>\r\n<p><b>LOCAL:</b>\u00a0C\u00e2mara Municipal de S<span>\u00e3o Jos\u00e9 dos Campos</span></p>\r\n<p><b>PARTIDA:</b>\u00a025/09/2025 \u00e0s 6:00h.</p>\r\n<p><b>CHEGADA:</b>\u00a025/09/2025 \u00e0s 17:00h.</p>\r\n<p><b>PARLAMENTAR:</b>\u00a0Elisangela dos Santos Silva</p>\r\n<p><b>DESPESAS COM ALIMENTA\u00c7\u00c3O:</b>\u00a0R$ 179,32</p>\r\n<p><b><b>FINALIDADE DA VIAGEM:</b>\u00a0</b>Reuni\u00e3o com a Vereadora Am\u00e9lia.</p>\r\n</td>\r\n</tr>\r\n<tr>\r\n<td>\r\n<p><b>CIDADE/UF: </b>Aparecida/SP</p>\r\n<p><b>LOCAL:</b>\u00a0C\u00e2mara Municipal de Aparecida</p>\r\n<p><b>PARTIDA:</b>\u00a001/10/2025 \u00e0s 6:00h.</p>\r\n<p><b>CHEGADA:</b>\u00a001/10/2025 \u00e0s 20:30h.</p>\r\n<p><b>PARLAMENTAR:</b>\u00a0Elisangela dos Santos Silva</p>\r\n<p><b>DESPESAS COM ALIMENTA\u00c7\u00c3O:</b>\u00a0R$ 156,20</p>\r\n<p><b>PARLAMENTAR:</b>\u00a0Isabella Bastos Nogueira</p>\r\n<p><b>DESPESAS COM ALIMENTA\u00c7\u00c3O:</b>\u00a0R$ 137,60</p>\r\n<p><b><b>FINALIDADE DA VIAGEM:</b>\u00a0</b>Dia Nacional do Vereador.</p>\r\n</td>\r\n</tr>\r\n<tr>\r\n<td>\r\n<p><b>CIDADE/UF:\u00a0</b>Lorena/SP</p>\r\n<p><b>LOCAL:</b>\u00a0-</p>\r\n<p><b>PARTIDA:</b>\u00a003/10/2025 \u00e0s 11:30h.</p>\r\n<p><b>CHEGADA:</b>\u00a003/10/2025 \u00e0s 21:00h.</p>\r\n<p><b>PARLAMENTAR:</b>\u00a0Isabella Bastos Nogueira</p>\r\n<p><b>DESPESAS COM ALIMENTA\u00c7\u00c3O:</b>\u00a0R$ 90,56</p>\r\n<p><b><b>FINALIDADE DA VIAGEM:</b>\u00a0</b>Encontro e capacita\u00e7\u00e3o sobre or\u00e7amento p\u00fablico.</p>\r\n</td>\r\n</tr>\r\n<tr>\r\n<td>\r\n<p><b>CIDADE/UF:\u00a0</b>Volta Redonda/RJ e Cruzeiro/SP</p>\r\n<p><b>LOCAL:</b>\u00a0C\u00e2mara Municipal de Volta Redonda e Regional de Cruzeiro</p>\r\n<p><b>PARTIDA:</b>\u00a008/10/2025 \u00e0s 10:00h.</p>\r\n<p><b>CHEGADA:</b>\u00a008/10/2025 \u00e0s 20:30h.</p>\r\n<p><b>PARLAMENTAR:</b>\u00a0Luiz Cosme Martins de Souza</p>\r\n<p><b>DESPESAS COM ALIMENTA\u00c7\u00c3O:</b>\u00a0R$ 36,30</p>\r\n<p><b><b>FINALIDADE DA VIAGEM:</b>\u00a0</b>Reuni\u00e3o com Vereador Renan e visita ao Hospital Regional de Cruzeiro com assessoria do Governo do Estado de S\u00e3o Paulo.</p>\r\n</td>\r\n</tr>\r\n<tr>\r\n<td>\r\n<p><b>CIDADE/UF:\u00a0</b>S\u00e3o Paulo/SP</p>\r\n<p><b>LOCAL:</b>\u00a0ALESP - Gab. Dep. Vit\u00e3o do Cachorr\u00e3o</p>\r\n<p><b>PARTIDA:</b>\u00a015/10/2025 \u00e0s 8:00h.</p>\r\n<p><b>CHEGADA:</b>\u00a016/10/2025 \u00e0s 0:30h.</p>\r\n<p><b>PARLAMENTAR:</b>\u00a0Angela Cristina Fontes Silva</p>\r\n<p><b>DESPESAS COM ALIMENTA\u00c7\u00c3O:</b>\u00a0R$ 94,25</p>\r\n<p><b><b>FINALIDADE DA VIAGEM:</b>\u00a0</b>Solicitar recursos para infraestrutura do munic\u00edpio.</p>\r\n</td>\r\n</tr>\r\n<tr>\r\n<td>\r\n<p><b>CIDADE/UF:\u00a0</b>S\u00e3o Paulo/SP</p>\r\n<p><b>LOCAL:</b>\u00a0ALESP</p>\r\n<p><b>PARTIDA:</b>\u00a021/10/2025 \u00e0s 4:30h.</p>\r\n<p><b>CHEGADA:</b>\u00a021/10/2025 \u00e0s 23:30h.</p>\r\n<p><b>PARLAMENTAR:</b>\u00a0Luiz Cosme Martins de Souza</p>\r\n<p><b>DESPESAS COM ALIMENTA\u00c7\u00c3O:</b>\u00a0R$ 148,49</p>\r\n<p><b>PARLAMENTAR:</b>\u00a0\u00c1urea Am\u00e9lia de Matos Canela Bastos</p>\r\n<p><b>DESPESAS COM ALIMENTA\u00c7\u00c3O:</b>\u00a0R$ 94,15</p>\r\n<p><b><b>FINALIDADE DA VIAGEM:</b>\u00a0</b>4\u00ba Workshop Jur\u00eddico-administrativo, Deputado Estadual Delegado Olim.</p>\r\n</td>\r\n</tr>\r\n<tr>\r\n<td>\r\n<p style=\"text-align: justify; \"><b>CIDADE/UF:\u00a0</b>S\u00e3o Paulo/SP</p>\r\n<p style=\"text-align: justify; \"><b>LOCAL:</b>\u00a0ALESP</p>\r\n<p style=\"text-align: justify; \"><b>PARTIDA:</b>\u00a006/11/2025 \u00e0s 7:00h.</p>\r\n<p style=\"text-align: justify; \"><b>CHEGADA:</b>\u00a007/11/2025 \u00e0s 15:00h.</p>\r\n<p style=\"text-align: justify; \"><b>PARLAMENTAR:</b><span>\u00a0Luiz Cosme Martins de Souza</span></p>\r\n<p style=\"text-align: justify; \"><b>DESPESAS COM ALIMENTA\u00c7\u00c3O:</b>\u00a0R$ 147,51</p>\r\n<p style=\"text-align: justify; \"><b>PARLAMENTAR:</b><span>\u00a0\u00c1urea Am\u00e9lia de Matos Canela Bastos</span></p>\r\n<p style=\"text-align: justify; \"><b>DESPESAS COM ALIMENTA\u00c7\u00c3O:</b>\u00a0R$ 155,09</p>\r\n<p style=\"text-align: justify; \"><b><b>FINALIDADE DA VIAGEM:</b>\u00a0</b>Pr\u00eamio preven\u00e7\u00e3o em a\u00e7\u00e3o Delegado Olim.</p>\r\n</td>\r\n</tr>\r\n<tr>\r\n<td>\r\n<p style=\"text-align: justify; \"><b>CIDADE/UF:\u00a0</b>Guarulhos/SP</p>\r\n<p style=\"text-align: justify; \"><b>LOCAL:</b>\u00a0-</p>\r\n<p style=\"text-align: justify; \"><b>PARTIDA:</b>\u00a006/11/2025 \u00e0s 7:00h.</p>\r\n<p style=\"text-align: justify; \"><b>CHEGADA:</b>\u00a008/11/2025 \u00e0s 23:30h.</p>\r\n<p style=\"text-align: justify; \"><b>PARLAMENTAR:</b><span>\u00a0Isabella Bastos Nogueira</span></p>\r\n<p style=\"text-align: justify; \"><b>DESPESAS COM ALIMENTA\u00c7\u00c3O:</b>\u00a0R$ 250,30</p>\r\n<p style=\"text-align: justify; \"><b><b>FINALIDADE DA VIAGEM:</b>\u00a0</b>Participa\u00e7\u00e3o na capacita\u00e7\u00e3o para forma\u00e7\u00e3o pol\u00edtica e administrativa com foco em gest\u00e3o p\u00fablica e fortalecimento da atividade parlamentar. Encontro com lideran\u00e7as pol\u00edticas para buscar recurso ao munic\u00edpio.</p>\r\n</td>\r\n</tr>\r\n<tr>\r\n<td>\r\n<p style=\"text-align: justify; \"><b>CIDADE/UF:\u00a0</b>S\u00e3o Paulo/SP</p>\r\n<p style=\"text-align: justify; \"><b>LOCAL:</b>\u00a0CREA-SP</p>\r\n<p style=\"text-align: justify; \"><b>PARTIDA:</b>\u00a012/11/2025 \u00e0s 6:00h.</p>\r\n<p style=\"text-align: justify; \"><b>CHEGADA:</b>\u00a012/11/2025 \u00e0s 23:30h.</p>\r\n<p style=\"text-align: justify; \"><b>PARLAMENTAR:</b><span>\u00a0Pedro Luiz Santos da Fonseca</span></p>\r\n<p style=\"text-align: justify; \"><b>DESPESAS COM ALIMENTA\u00c7\u00c3O:</b>\u00a0R$ 46,50</p>\r\n<p style=\"text-align: justify; \"><b><b>FINALIDADE DA VIAGEM:</b>\u00a0</b>Tratar assuntos relativos ao munic\u00edpio.</p>\r\n</td>\r\n</tr>\r\n<tr>\r\n<td>\r\n<p style=\"text-align: justify; \"><b>CIDADE/UF:\u00a0</b>S\u00e3o Paulo/SP</p>\r\n<p style=\"text-align: justify; \"><b>LOCAL:</b>\u00a0ALESP</p>\r\n<p style=\"text-align: justify; \"><b>PARTIDA:</b>\u00a018/11/2025 \u00e0s 4:00h.</p>\r\n<p style=\"text-align: justify; \"><b>CHEGADA:</b>\u00a019/11/2025 \u00e0s 3:00h.</p>\r\n<p style=\"text-align: justify; \"><b>PARLAMENTAR:</b><span>\u00a0Ednaldo Valim Cabral</span></p>\r\n<p style=\"text-align: justify; \"><b>DESPESAS COM ALIMENTA\u00c7\u00c3O:</b>\u00a0R$ 138,08</p>\r\n<p style=\"text-align: justify; \"><b><b>FINALIDADE DA VIAGEM:</b>\u00a0</b>Visita ao Deputado Carl\u00e3o, cobrar demandas j\u00e1 protocoladas e protocolar outra (caminh\u00e3o coletor de lixo).</p>\r\n</td>\r\n</tr>\r\n<tr>\r\n<td>\r\n<p style=\"text-align: justify; \"><b>CIDADE/UF:\u00a0</b>S\u00e3o Paulo/SP</p>\r\n<p style=\"text-align: justify; \"><b>LOCAL:</b>\u00a0Rua Groenlandia, 535</p>\r\n<p style=\"text-align: justify; \"><b>PARTIDA:</b>\u00a019/11/2025 \u00e0s 6:00h.</p>\r\n<p style=\"text-align: justify; \"><b>CHEGADA:</b>\u00a019/11/2025 \u00e0s 20:30h.</p>\r\n<p style=\"text-align: justify; \"><b>PARLAMENTAR:</b><span>\u00a0Elisangela dos Santos Silva</span></p>\r\n<p style=\"text-align: justify; \"><b>DESPESAS COM ALIMENTA\u00c7\u00c3O:</b>\u00a0R$ 122,38</p>\r\n<p style=\"text-align: justify; \"><b><b>FINALIDADE DA VIAGEM:</b>\u00a0</b>Reuni\u00e3o com Ana Cristina.</p>\r\n</td>\r\n</tr>\r\n<tr>\r\n<td>\r\n<p style=\"text-align: justify; \"><b>CIDADE/UF:\u00a0</b>Taubat\u00e9/SP</p>\r\n<p style=\"text-align: justify; \"><b>LOCAL:</b>\u00a0-</p>\r\n<p style=\"text-align: justify; \"><b>PARTIDA:</b>\u00a024/11/2025 \u00e0s 7:00h.</p>\r\n<p style=\"text-align: justify; \"><b>CHEGADA:</b>\u00a024/11/2025 \u00e0s 20:00h.</p>\r\n<p style=\"text-align: justify; \"><b>PARLAMENTAR:</b><span>\u00a0Isabella Bastos Nogueira</span></p>\r\n<p style=\"text-align: justify; \"><b>DESPESAS COM ALIMENTA\u00c7\u00c3O:</b>\u00a0R$ 118,00</p>\r\n<p style=\"text-align: justify; \"><b><b>FINALIDADE DA VIAGEM:</b>\u00a0</b>Reuni\u00e3o para tratar de assuntos relevantes para o munic\u00edpio.</p>\r\n</td>\r\n</tr>\r\n<tr>\r\n<td>\r\n<p style=\"text-align: justify; \"><b>CIDADE/UF:\u00a0</b>Cruzeiro/SP</p>\r\n<p style=\"text-align: justify; \"><b>LOCAL:</b>\u00a0C\u00e2mara Municipal de Cruzeiro</p>\r\n<p style=\"text-align: justify; \"><b>PARTIDA:</b>\u00a025/11/2025 \u00e0s 11:00h.</p>\r\n<p style=\"text-align: justify; \"><b>CHEGADA:</b>\u00a025/11/2025 \u00e0s 20:00h.</p>\r\n<p style=\"text-align: justify; \"><b>PARLAMENTAR:</b><span>\u00a0Isabella Bastos Nogueira</span></p>\r\n<p style=\"text-align: justify; \"><b>DESPESAS COM ALIMENTA\u00c7\u00c3O:</b>\u00a0R$ 51,08</p>\r\n<p style=\"text-align: justify; \"><b><b>FINALIDADE DA VIAGEM:</b>\u00a0</b>Forum Regional da Juventude.</p>\r\n</td>\r\n</tr>\r\n<tr>\r\n<td>\r\n<p style=\"text-align: justify; \"><b>CIDADE/UF:\u00a0</b>S\u00e3o Paulo/SP</p>\r\n<p style=\"text-align: justify; \"><b>LOCAL:</b>\u00a0ALESP</p>\r\n<p style=\"text-align: justify; \"><b>PARTIDA:</b>\u00a003/12/2025 \u00e0s 5:00h.</p>\r\n<p style=\"text-align: justify; \"><b>CHEGADA:</b>\u00a003/12/2025 \u00e0s 20:30h.</p>\r\n<p style=\"text-align: justify; \"><b>PARLAMENTAR:</b><span>\u00a0Isabella Bastos Nogueira</span></p>\r\n<p style=\"text-align: justify; \"><b>DESPESAS COM ALIMENTA\u00c7\u00c3O:</b>\u00a0R$ 164,50</p>\r\n<p style=\"text-align: justify; \"><b><b>FINALIDADE DA VIAGEM:</b>\u00a0</b>Gabinete da Deputada Camila Godoi para tratar de assuntos de interesse do munic\u00edpio e Forum da Juventude.</p>\r\n</td>\r\n</tr>\r\n<tr>\r\n<td>\r\n<p style=\"text-align: justify; \"><b>CIDADE/UF:\u00a0</b><span>S\u00e3o Paulo/SP</span></p>\r\n<p style=\"text-align: justify; \"><b>LOCAL:</b>\u00a0ALESP</p>\r\n<p style=\"text-align: justify; \"><b>PARTIDA:</b>\u00a010/12/2025 \u00e0s 7:00h.</p>\r\n<p style=\"text-align: justify; \"><b>CHEGADA:</b>\u00a010/12/2025 \u00e0s 23:00h.</p>\r\n<p style=\"text-align: justify; \"><b>PARLAMENTAR:</b>\u00a0Ednaldo Valim Cabral</p>\r\n<p style=\"text-align: justify; \"><b>DESPESAS COM ALIMENTA\u00c7\u00c3O:</b>\u00a0R$ 133,88</p>\r\n<p style=\"text-align: justify; \"><b><b>FINALIDADE DA VIAGEM:</b>\u00a0</b>Pedido de Emenda Parlamentar.</p>\r\n</td>\r\n</tr>\r\n<tr>\r\n<td>\r\n<p style=\"text-align: justify; \"><b>CIDADE/UF: Il</b><span>habela/SP</span></p>\r\n<p style=\"text-align: justify; \"><b>LOCAL:</b>\u00a0C\u00e2mara Municipal</p>\r\n<p style=\"text-align: justify; \"><b>PARTIDA:</b>\u00a011/12/2025 \u00e0s 5:00h.</p>\r\n<p style=\"text-align: justify; \"><b>CHEGADA:</b>\u00a011/12/2025 \u00e0s 22:30h.</p>\r\n<p style=\"text-align: justify; \"><b>PARLAMENTAR:</b>\u00a0Elisangela dos Santos Silva</p>\r\n<p style=\"text-align: justify; \"><b>DESPESAS COM ALIMENTA\u00c7\u00c3O:</b>\u00a0R$ 267,40</p>\r\n<p style=\"text-align: justify; \"><b><b>FINALIDADE DA VIAGEM:</b>\u00a0</b>Encontro com a Vereadora Nalva e o Prefeito Toninho.</p>\r\n</td>\r\n</tr>\r\n<tr>\r\n<td>\r\n<p style=\"text-align: justify; \"><b>CIDADE/UF:\u00a0</b>Ca\u00e7apava/SP</p>\r\n<p style=\"text-align: justify; \"><b>LOCAL:</b>\u00a0-</p>\r\n<p style=\"text-align: justify; \"><b>PARTIDA:</b>\u00a012/12/2025 \u00e0s 9:00h.</p>\r\n<p style=\"text-align: justify; \"><b>CHEGADA:</b>\u00a012/12/2025 \u00e0s 18:30h.</p>\r\n<p style=\"text-align: justify; \"><b>PARLAMENTAR:</b>\u00a0Isabella Bastos Nogueira</p>\r\n<p style=\"text-align: justify; \"><b>DESPESAS COM ALIMENTA\u00c7\u00c3O:</b>\u00a0R$ 70,80</p>\r\n<p style=\"text-align: justify; \"><b><b>FINALIDADE DA VIAGEM:</b>\u00a0</b>Encontro com o Deputado Federal Rodrigo Gambale e lideran\u00e7as pol\u00edticas para tratar de assuntos de interesse do munic\u00edpio.</p>\r\n</td>\r\n</tr>\r\n<tr>\r\n<td>\r\n<p style=\"text-align: justify; \"><b>CIDADE/UF:\u00a0</b>S\u00e3o Paulo/SP</p>\r\n<p style=\"text-align: justify; \"><b>LOCAL:</b>\u00a0<span>Secretaria de Desenvolvimento Urbano e Habita\u00e7\u00e3o</span></p>\r\n<p style=\"text-align: justify; \"><b>PARTIDA:</b>\u00a017/12/2025 \u00e0s 5:30h.</p>\r\n<p style=\"text-align: justify; \"><b>CHEGADA:</b>\u00a017/12/2025 \u00e0s 22:30h.</p>\r\n<p style=\"text-align: justify; \"><b>PARLAMENTAR:</b>\u00a0Ednaldo Valim Cabral</p>\r\n<p style=\"text-align: justify; \"><b>DESPESAS COM ALIMENTA\u00c7\u00c3O:</b>\u00a0R$ 174,25</p>\r\n<p style=\"text-align: justify; \"><b><b>FINALIDADE DA VIAGEM:</b>\u00a0</b>Reuni\u00e3o sobre programa bairro paulista.</p>\r\n</td>\r\n</tr>\r\n</tbody>\r\n</table>", "author_name": "", "version": "1.0", "author_url": "https://www.bananal.sp.leg.br/author/adm", "provider_name": "C\u00e2mara Municipal da Est\u00e2ncia Tur\u00edstica de Bananal", "type": "rich"}